{"id":9031,"date":"2025-07-22T14:02:00","date_gmt":"2025-07-22T12:02:00","guid":{"rendered":"http:\/\/bosnazemljabozijemilosti.ba\/?p=9031"},"modified":"2025-07-22T21:04:39","modified_gmt":"2025-07-22T19:04:39","slug":"galerija-bosna-zemlja-bozije-milosti-u-15-03-45","status":"publish","type":"post","link":"https:\/\/bosnazemljabozijemilosti.ba\/?p=9031","title":{"rendered":"Galerija Bosna zemlja Bo\u017eije milosti u 14 02"},"content":{"rendered":"<p>Autor<\/p>\n<p>Hajro \u0160abanad\u017eovi\u0107<\/p>\n<p><a href=\"http:\/\/bosnazemljabozijemilosti.ba\/wp-content\/uploads\/2016\/01\/Plavi-bal.jpg\" rel=\"attachment wp-att-9032\"><img loading=\"lazy\" decoding=\"async\" class=\"alignnone wp-image-9032\" src=\"http:\/\/bosnazemljabozijemilosti.ba\/wp-content\/uploads\/2016\/01\/Plavi-bal-300x218.jpg\" alt=\"Plavi bal\" width=\"359\" height=\"261\" \/><\/a>\u00a0\u00a0<a href=\"http:\/\/bosnazemljabozijemilosti.ba\/wp-content\/uploads\/2016\/01\/Plava-idila.jpg\" rel=\"attachment wp-att-9033\"><img loading=\"lazy\" decoding=\"async\" class=\"alignnone wp-image-9033\" src=\"http:\/\/bosnazemljabozijemilosti.ba\/wp-content\/uploads\/2016\/01\/Plava-idila-218x300.jpg\" alt=\"Plava idila\" width=\"330\" height=\"454\" \/><\/a><\/p>\n<p><span style=\"color: #333333;\">Plavi bal \u00a0 \u00a0 \u00a0 \u00a0 \u00a0 \u00a0 \u00a0 \u00a0 \u00a0 \u00a0 \u00a0 \u00a0 \u00a0 \u00a0 \u00a0 \u00a0 \u00a0 \u00a0 \u00a0 \u00a0 \u00a0 \u00a0 \u00a0 \u00a0 \u00a0 \u00a0 \u00a0 \u00a0 \u00a0 \u00a0 \u00a0 \u00a0 \u00a0 \u00a0 \u00a0 \u00a0 \u00a0 \u00a0 \u00a0 \u00a0 \u00a0 \u00a0 \u00a0 \u00a0 \u00a0 \u00a0 Plava idila<\/span><\/p>\n<p><a href=\"http:\/\/bosnazemljabozijemilosti.ba\/wp-content\/uploads\/2016\/01\/Ku\u010derak-u-cvije\u0107u.jpg\" rel=\"attachment wp-att-9034\"><img loading=\"lazy\" decoding=\"async\" class=\"alignnone wp-image-9034\" src=\"http:\/\/bosnazemljabozijemilosti.ba\/wp-content\/uploads\/2016\/01\/Ku\u010derak-u-cvije\u0107u-300x218.jpg\" alt=\"Ku\u010derak u cvije\u0107u\" width=\"345\" height=\"251\" \/><\/a>\u00a0\u00a0<a href=\"http:\/\/bosnazemljabozijemilosti.ba\/wp-content\/uploads\/2016\/01\/Mjese\u010dev-bre\u017euljak.jpg\" rel=\"attachment wp-att-9035\"><img loading=\"lazy\" decoding=\"async\" class=\"alignnone wp-image-9035\" src=\"http:\/\/bosnazemljabozijemilosti.ba\/wp-content\/uploads\/2016\/01\/Mjese\u010dev-bre\u017euljak-300x218.jpg\" alt=\"Mjese\u010dev bre\u017euljak\" width=\"351\" height=\"255\" \/><\/a><\/p>\n<p><span style=\"color: #000000;\">Ku\u0107erak u cvije\u0107u \u00a0 \u00a0 \u00a0 \u00a0 \u00a0 \u00a0 \u00a0 \u00a0 \u00a0 \u00a0 \u00a0 \u00a0 \u00a0 \u00a0 \u00a0 \u00a0 \u00a0 \u00a0 \u00a0 \u00a0 \u00a0 \u00a0 \u00a0 \u00a0 \u00a0 \u00a0 \u00a0 \u00a0 \u00a0 \u00a0 \u00a0 \u00a0 \u00a0 \u00a0 \u00a0 Mjese\u010dev bre\u017euljak<\/span><\/p>\n<p><a href=\"http:\/\/bosnazemljabozijemilosti.ba\/wp-content\/uploads\/2016\/01\/Sjeti-se-vjernosti.jpg\" rel=\"attachment wp-att-9038\"><img loading=\"lazy\" decoding=\"async\" class=\"alignnone wp-image-9038\" src=\"http:\/\/bosnazemljabozijemilosti.ba\/wp-content\/uploads\/2016\/01\/Sjeti-se-vjernosti-300x200.jpg\" alt=\"Sjeti se vjernosti\" width=\"350\" height=\"233\" srcset=\"https:\/\/bosnazemljabozijemilosti.ba\/wp-content\/uploads\/2016\/01\/Sjeti-se-vjernosti-300x200.jpg 300w, https:\/\/bosnazemljabozijemilosti.ba\/wp-content\/uploads\/2016\/01\/Sjeti-se-vjernosti-768x513.jpg 768w, https:\/\/bosnazemljabozijemilosti.ba\/wp-content\/uploads\/2016\/01\/Sjeti-se-vjernosti-225x150.jpg 225w, https:\/\/bosnazemljabozijemilosti.ba\/wp-content\/uploads\/2016\/01\/Sjeti-se-vjernosti-150x100.jpg 150w, https:\/\/bosnazemljabozijemilosti.ba\/wp-content\/uploads\/2016\/01\/Sjeti-se-vjernosti.jpg 893w\" sizes=\"auto, (max-width: 350px) 100vw, 350px\" \/><\/a>\u00a0 <a href=\"http:\/\/bosnazemljabozijemilosti.ba\/wp-content\/uploads\/2016\/01\/Sanjati-plavo.jpg\" rel=\"attachment wp-att-9039\"><img loading=\"lazy\" decoding=\"async\" class=\"alignnone wp-image-9039\" src=\"http:\/\/bosnazemljabozijemilosti.ba\/wp-content\/uploads\/2016\/01\/Sanjati-plavo-300x203.jpg\" alt=\"Sanjati plavo\" width=\"353\" height=\"239\" srcset=\"https:\/\/bosnazemljabozijemilosti.ba\/wp-content\/uploads\/2016\/01\/Sanjati-plavo-300x203.jpg 300w, https:\/\/bosnazemljabozijemilosti.ba\/wp-content\/uploads\/2016\/01\/Sanjati-plavo-768x520.jpg 768w, https:\/\/bosnazemljabozijemilosti.ba\/wp-content\/uploads\/2016\/01\/Sanjati-plavo-222x150.jpg 222w, https:\/\/bosnazemljabozijemilosti.ba\/wp-content\/uploads\/2016\/01\/Sanjati-plavo-150x102.jpg 150w, https:\/\/bosnazemljabozijemilosti.ba\/wp-content\/uploads\/2016\/01\/Sanjati-plavo.jpg 888w\" sizes=\"auto, (max-width: 353px) 100vw, 353px\" \/><\/a><\/p>\n<p>Sjeti se vjernosti \u00a0 \u00a0 \u00a0 \u00a0 \u00a0 \u00a0 \u00a0 \u00a0 \u00a0 \u00a0 \u00a0 \u00a0 \u00a0 \u00a0 \u00a0 \u00a0 \u00a0 \u00a0 \u00a0 \u00a0 \u00a0 \u00a0 \u00a0 \u00a0 \u00a0 \u00a0 \u00a0 \u00a0 \u00a0 \u00a0 \u00a0 \u00a0 \u00a0 \u00a0Sanjati plavo<\/p>\n","protected":false},"excerpt":{"rendered":"<p>Autor Hajro \u0160abanad\u017eovi\u0107 \u00a0\u00a0 Plavi bal \u00a0 \u00a0 \u00a0 \u00a0 \u00a0 \u00a0 \u00a0 \u00a0 \u00a0 \u00a0 \u00a0 \u00a0 \u00a0 \u00a0 \u00a0 \u00a0 \u00a0 \u00a0 \u00a0 \u00a0 \u00a0 \u00a0 \u00a0 \u00a0 \u00a0 \u00a0 \u00a0 \u00a0 \u00a0 \u00a0 \u00a0 \u00a0 \u00a0 \u00a0 \u00a0 \u00a0 \u00a0 \u00a0 \u00a0 \u00a0 \u00a0 \u00a0 \u00a0 \u00a0\u2026 <a class=\"continue-reading-link\" href=\"https:\/\/bosnazemljabozijemilosti.ba\/?p=9031\">Pro\u010ditajte vi\u0161e&#8230;<\/a><\/p>\n","protected":false},"author":1,"featured_media":0,"comment_status":"open","ping_status":"closed","sticky":false,"template":"","format":"standard","meta":{"footnotes":""},"categories":[36,33],"tags":[],"class_list":["post-9031","post","type-post","status-publish","format-standard","hentry","category-galerija-u-14-02","category-galerije"],"_links":{"self":[{"href":"https:\/\/bosnazemljabozijemilosti.ba\/index.php?rest_route=\/wp\/v2\/posts\/9031","targetHints":{"allow":["GET"]}}],"collection":[{"href":"https:\/\/bosnazemljabozijemilosti.ba\/index.php?rest_route=\/wp\/v2\/posts"}],"about":[{"href":"https:\/\/bosnazemljabozijemilosti.ba\/index.php?rest_route=\/wp\/v2\/types\/post"}],"author":[{"embeddable":true,"href":"https:\/\/bosnazemljabozijemilosti.ba\/index.php?rest_route=\/wp\/v2\/users\/1"}],"replies":[{"embeddable":true,"href":"https:\/\/bosnazemljabozijemilosti.ba\/index.php?rest_route=%2Fwp%2Fv2%2Fcomments&post=9031"}],"version-history":[{"count":5,"href":"https:\/\/bosnazemljabozijemilosti.ba\/index.php?rest_route=\/wp\/v2\/posts\/9031\/revisions"}],"predecessor-version":[{"id":110685,"href":"https:\/\/bosnazemljabozijemilosti.ba\/index.php?rest_route=\/wp\/v2\/posts\/9031\/revisions\/110685"}],"wp:attachment":[{"href":"https:\/\/bosnazemljabozijemilosti.ba\/index.php?rest_route=%2Fwp%2Fv2%2Fmedia&parent=9031"}],"wp:term":[{"taxonomy":"category","embeddable":true,"href":"https:\/\/bosnazemljabozijemilosti.ba\/index.php?rest_route=%2Fwp%2Fv2%2Fcategories&post=9031"},{"taxonomy":"post_tag","embeddable":true,"href":"https:\/\/bosnazemljabozijemilosti.ba\/index.php?rest_route=%2Fwp%2Fv2%2Ftags&post=9031"}],"curies":[{"name":"wp","href":"https:\/\/api.w.org\/{rel}","templated":true}]}}