{"id":7128,"date":"2026-04-27T13:01:00","date_gmt":"2026-04-27T11:01:00","guid":{"rendered":"http:\/\/bosnazemljabozijemilosti.ba\/?p=7128"},"modified":"2026-04-26T22:36:14","modified_gmt":"2026-04-26T20:36:14","slug":"galerija-bosna-zemlja-bozije-muilosti-u-13-01","status":"publish","type":"post","link":"https:\/\/bosnazemljabozijemilosti.ba\/?p=7128","title":{"rendered":"Galerija Bosna zemlja Bo\u017eije muilosti u 13 01"},"content":{"rendered":"<p>Autor<\/p>\n<p>Hajro \u0160abanad\u017eovi\u0107<\/p>\n<p><a href=\"http:\/\/bosnazemljabozijemilosti.ba\/wp-content\/uploads\/2015\/12\/\u017duti-svijet.jpg\" rel=\"attachment wp-att-7129\"><img loading=\"lazy\" decoding=\"async\" class=\"alignnone wp-image-7129\" src=\"http:\/\/bosnazemljabozijemilosti.ba\/wp-content\/uploads\/2015\/12\/\u017duti-svijet-294x300.jpg\" alt=\"\u017duti svijet\" width=\"300\" height=\"306\" srcset=\"https:\/\/bosnazemljabozijemilosti.ba\/wp-content\/uploads\/2015\/12\/\u017duti-svijet-294x300.jpg 294w, https:\/\/bosnazemljabozijemilosti.ba\/wp-content\/uploads\/2015\/12\/\u017duti-svijet-147x150.jpg 147w, https:\/\/bosnazemljabozijemilosti.ba\/wp-content\/uploads\/2015\/12\/\u017duti-svijet.jpg 511w\" sizes=\"auto, (max-width: 300px) 100vw, 300px\" \/><\/a>\u00a0 \u00a0\u00a0<a href=\"http:\/\/bosnazemljabozijemilosti.ba\/wp-content\/uploads\/2015\/12\/Zeleni-\u0111ardin.jpg\" rel=\"attachment wp-att-7130\"><img loading=\"lazy\" decoding=\"async\" class=\"alignnone wp-image-7130\" src=\"http:\/\/bosnazemljabozijemilosti.ba\/wp-content\/uploads\/2015\/12\/Zeleni-\u0111ardin-294x300.jpg\" alt=\"Zeleni \u0111ardin\" width=\"301\" height=\"307\" srcset=\"https:\/\/bosnazemljabozijemilosti.ba\/wp-content\/uploads\/2015\/12\/Zeleni-\u0111ardin-294x300.jpg 294w, https:\/\/bosnazemljabozijemilosti.ba\/wp-content\/uploads\/2015\/12\/Zeleni-\u0111ardin-147x150.jpg 147w, https:\/\/bosnazemljabozijemilosti.ba\/wp-content\/uploads\/2015\/12\/Zeleni-\u0111ardin.jpg 511w\" sizes=\"auto, (max-width: 301px) 100vw, 301px\" \/><\/a><\/p>\n<p>\u017duti svijet \u00a0 \u00a0 \u00a0 \u00a0 \u00a0 \u00a0 \u00a0 \u00a0 \u00a0 \u00a0 \u00a0 \u00a0 \u00a0 \u00a0 \u00a0 \u00a0 \u00a0 \u00a0 \u00a0 \u00a0 \u00a0 \u00a0 \u00a0 \u00a0 \u00a0 \u00a0 \u00a0 \u00a0 \u00a0 \u00a0 \u00a0 \u00a0 \u00a0 \u00a0 \u00a0 \u00a0 \u00a0 Zeleni \u0111ardin<\/p>\n<p><a href=\"http:\/\/bosnazemljabozijemilosti.ba\/wp-content\/uploads\/2015\/12\/Muzika.jpg\" rel=\"attachment wp-att-7133\"><img loading=\"lazy\" decoding=\"async\" class=\"alignnone wp-image-7133\" src=\"http:\/\/bosnazemljabozijemilosti.ba\/wp-content\/uploads\/2015\/12\/Muzika-297x300.jpg\" alt=\"Muzika\" width=\"311\" height=\"314\" srcset=\"https:\/\/bosnazemljabozijemilosti.ba\/wp-content\/uploads\/2015\/12\/Muzika-297x300.jpg 297w, https:\/\/bosnazemljabozijemilosti.ba\/wp-content\/uploads\/2015\/12\/Muzika-150x150.jpg 150w, https:\/\/bosnazemljabozijemilosti.ba\/wp-content\/uploads\/2015\/12\/Muzika-148x150.jpg 148w, https:\/\/bosnazemljabozijemilosti.ba\/wp-content\/uploads\/2015\/12\/Muzika.jpg 511w\" sizes=\"auto, (max-width: 311px) 100vw, 311px\" \/><\/a>\u00a0 \u00a0<a href=\"http:\/\/bosnazemljabozijemilosti.ba\/wp-content\/uploads\/2015\/12\/Pokreti.jpg\" rel=\"attachment wp-att-7134\"><img loading=\"lazy\" decoding=\"async\" class=\"alignnone wp-image-7134\" src=\"http:\/\/bosnazemljabozijemilosti.ba\/wp-content\/uploads\/2015\/12\/Pokreti-300x292.jpg\" alt=\"Pokreti\" width=\"320\" height=\"311\" srcset=\"https:\/\/bosnazemljabozijemilosti.ba\/wp-content\/uploads\/2015\/12\/Pokreti-300x292.jpg 300w, https:\/\/bosnazemljabozijemilosti.ba\/wp-content\/uploads\/2015\/12\/Pokreti-154x150.jpg 154w, https:\/\/bosnazemljabozijemilosti.ba\/wp-content\/uploads\/2015\/12\/Pokreti-150x146.jpg 150w, https:\/\/bosnazemljabozijemilosti.ba\/wp-content\/uploads\/2015\/12\/Pokreti.jpg 500w\" sizes=\"auto, (max-width: 320px) 100vw, 320px\" \/><\/a><\/p>\n<p>Muzika \u00a0 \u00a0 \u00a0 \u00a0 \u00a0 \u00a0 \u00a0 \u00a0 \u00a0 \u00a0 \u00a0 \u00a0 \u00a0 \u00a0 \u00a0 \u00a0 \u00a0 \u00a0 \u00a0 \u00a0 \u00a0 \u00a0 \u00a0 \u00a0 \u00a0 \u00a0 \u00a0 \u00a0 \u00a0 \u00a0 \u00a0 \u00a0 \u00a0 \u00a0 \u00a0 \u00a0 \u00a0 \u00a0 \u00a0 \u00a0 \u00a0 \u00a0 \u00a0 \u00a0 \u00a0Pokreti<\/p>\n<p><a href=\"http:\/\/bosnazemljabozijemilosti.ba\/wp-content\/uploads\/2015\/12\/Bolero.jpg\" rel=\"attachment wp-att-7135\"><img loading=\"lazy\" decoding=\"async\" class=\"alignnone wp-image-7135\" src=\"http:\/\/bosnazemljabozijemilosti.ba\/wp-content\/uploads\/2015\/12\/Bolero-282x300.jpg\" alt=\"Bolero\" width=\"322\" height=\"343\" srcset=\"https:\/\/bosnazemljabozijemilosti.ba\/wp-content\/uploads\/2015\/12\/Bolero-282x300.jpg 282w, https:\/\/bosnazemljabozijemilosti.ba\/wp-content\/uploads\/2015\/12\/Bolero-141x150.jpg 141w, https:\/\/bosnazemljabozijemilosti.ba\/wp-content\/uploads\/2015\/12\/Bolero.jpg 500w\" sizes=\"auto, (max-width: 322px) 100vw, 322px\" \/><\/a>\u00a0 \u00a0\u00a0<a href=\"http:\/\/bosnazemljabozijemilosti.ba\/wp-content\/uploads\/2015\/12\/\u010carolija.jpg\" rel=\"attachment wp-att-7136\"><img loading=\"lazy\" decoding=\"async\" class=\"alignnone wp-image-7136\" src=\"http:\/\/bosnazemljabozijemilosti.ba\/wp-content\/uploads\/2015\/12\/\u010carolija-208x300.jpg\" alt=\"\u010carolija\" width=\"298\" height=\"430\" srcset=\"https:\/\/bosnazemljabozijemilosti.ba\/wp-content\/uploads\/2015\/12\/\u010carolija-208x300.jpg 208w, https:\/\/bosnazemljabozijemilosti.ba\/wp-content\/uploads\/2015\/12\/\u010carolija-104x150.jpg 104w, https:\/\/bosnazemljabozijemilosti.ba\/wp-content\/uploads\/2015\/12\/\u010carolija.jpg 614w\" sizes=\"auto, (max-width: 298px) 100vw, 298px\" \/><\/a><\/p>\n<p>Bolero \u00a0 \u00a0 \u00a0 \u00a0 \u00a0 \u00a0 \u00a0 \u00a0 \u00a0 \u00a0 \u00a0 \u00a0 \u00a0 \u00a0 \u00a0 \u00a0 \u00a0 \u00a0 \u00a0 \u00a0 \u00a0 \u00a0 \u00a0 \u00a0 \u00a0 \u00a0 \u00a0 \u00a0 \u00a0 \u00a0 \u00a0 \u00a0 \u00a0 \u00a0 \u00a0 \u00a0 \u00a0 \u00a0 \u00a0 \u00a0 \u00a0\u010carolija<\/p>\n","protected":false},"excerpt":{"rendered":"<p>Autor Hajro \u0160abanad\u017eovi\u0107 \u00a0 \u00a0\u00a0 \u017duti svijet \u00a0 \u00a0 \u00a0 \u00a0 \u00a0 \u00a0 \u00a0 \u00a0 \u00a0 \u00a0 \u00a0 \u00a0 \u00a0 \u00a0 \u00a0 \u00a0 \u00a0 \u00a0 \u00a0 \u00a0 \u00a0 \u00a0 \u00a0 \u00a0 \u00a0 \u00a0 \u00a0 \u00a0 \u00a0 \u00a0 \u00a0 \u00a0 \u00a0 \u00a0 \u00a0 \u00a0 \u00a0 Zeleni \u0111ardin \u00a0 \u00a0 Muzika \u00a0\u2026 <a class=\"continue-reading-link\" href=\"https:\/\/bosnazemljabozijemilosti.ba\/?p=7128\">Pro\u010ditajte vi\u0161e&#8230;<\/a><\/p>\n","protected":false},"author":1,"featured_media":0,"comment_status":"open","ping_status":"closed","sticky":false,"template":"","format":"standard","meta":{"footnotes":""},"categories":[35,33],"tags":[],"class_list":["post-7128","post","type-post","status-publish","format-standard","hentry","category-galerija-u-13-o1","category-galerije"],"_links":{"self":[{"href":"https:\/\/bosnazemljabozijemilosti.ba\/index.php?rest_route=\/wp\/v2\/posts\/7128","targetHints":{"allow":["GET"]}}],"collection":[{"href":"https:\/\/bosnazemljabozijemilosti.ba\/index.php?rest_route=\/wp\/v2\/posts"}],"about":[{"href":"https:\/\/bosnazemljabozijemilosti.ba\/index.php?rest_route=\/wp\/v2\/types\/post"}],"author":[{"embeddable":true,"href":"https:\/\/bosnazemljabozijemilosti.ba\/index.php?rest_route=\/wp\/v2\/users\/1"}],"replies":[{"embeddable":true,"href":"https:\/\/bosnazemljabozijemilosti.ba\/index.php?rest_route=%2Fwp%2Fv2%2Fcomments&post=7128"}],"version-history":[{"count":7,"href":"https:\/\/bosnazemljabozijemilosti.ba\/index.php?rest_route=\/wp\/v2\/posts\/7128\/revisions"}],"predecessor-version":[{"id":90201,"href":"https:\/\/bosnazemljabozijemilosti.ba\/index.php?rest_route=\/wp\/v2\/posts\/7128\/revisions\/90201"}],"wp:attachment":[{"href":"https:\/\/bosnazemljabozijemilosti.ba\/index.php?rest_route=%2Fwp%2Fv2%2Fmedia&parent=7128"}],"wp:term":[{"taxonomy":"category","embeddable":true,"href":"https:\/\/bosnazemljabozijemilosti.ba\/index.php?rest_route=%2Fwp%2Fv2%2Fcategories&post=7128"},{"taxonomy":"post_tag","embeddable":true,"href":"https:\/\/bosnazemljabozijemilosti.ba\/index.php?rest_route=%2Fwp%2Fv2%2Ftags&post=7128"}],"curies":[{"name":"wp","href":"https:\/\/api.w.org\/{rel}","templated":true}]}}