{"id":63579,"date":"2025-10-04T19:40:00","date_gmt":"2025-10-04T17:40:00","guid":{"rendered":"http:\/\/bosnazemljabozijemilosti.ba\/?p=63579"},"modified":"2025-10-04T02:02:21","modified_gmt":"2025-10-04T00:02:21","slug":"denis-djoplin-in-memoriam","status":"publish","type":"post","link":"https:\/\/bosnazemljabozijemilosti.ba\/?p=63579","title":{"rendered":"\u0110enis \u0110oplin &#8211; In Memoriam"},"content":{"rendered":"<p><iframe loading=\"lazy\" title=\"Janis Joplin - Cry Baby (Official Audio)\" width=\"800\" height=\"450\" src=\"https:\/\/www.youtube.com\/embed\/VfGSd-tikH4?feature=oembed\" frameborder=\"0\" allow=\"accelerometer; autoplay; clipboard-write; encrypted-media; gyroscope; picture-in-picture; web-share\" referrerpolicy=\"strict-origin-when-cross-origin\" allowfullscreen><\/iframe><\/p>\n<p>&nbsp;<\/p>\n<p>D\u017eenis Lin D\u017eoplin (engl. Janis Lyn Joplin, Port Artur, 19. januar 1943 \u2014 Los An\u0111eles, 4. oktobar 1970)<\/p>\n<p>D\u017eenis je bila nikad prevazi\u0111ena \u00a0ameri\u010dka rok i bluz peva\u010dica, tekstopisac i muzi\u010dki aran\u017eer.<\/p>\n<p>Ono \u0161to je ona poklonila \u00a0muzici , pogotovu roku , malo je muzi\u010dara uspjelo to u\u010diniti.<\/p>\n<p>Sa pravom je mnogi smatraju prvom damom svjetskog rok i bluz izraza.<\/p>\n<p>Mi se pridru\u017eujemo tim mi\u0161ljenjima , uz dodatak da \u010disto sumnjamo da \u0107e se takav, glas, senzibilitet i<\/p>\n<p>osje\u0107aj za muziku , tekst i \u017eivotnu interpretaciju ikada vi\u0161e ponoviti.<\/p>\n<p>Hvala joj .<\/p>\n<p>Po\u010divala u miru do nekih boljih vremena.<\/p>\n\n\n<pre class=\"wp-block-verse\"><\/pre>\n\n\n\n<pre class=\"wp-block-verse\"><\/pre>\n\n\n\n<pre class=\"wp-block-verse\"><\/pre>\n","protected":false},"excerpt":{"rendered":"<p>&nbsp; D\u017eenis Lin D\u017eoplin (engl. Janis Lyn Joplin, Port Artur, 19. januar 1943 \u2014 Los An\u0111eles, 4. oktobar 1970) D\u017eenis je bila nikad prevazi\u0111ena \u00a0ameri\u010dka rok i bluz peva\u010dica, tekstopisac i muzi\u010dki aran\u017eer. Ono \u0161to je ona poklonila \u00a0muzici , pogotovu roku , malo je muzi\u010dara uspjelo to u\u010diniti. Sa\u2026 <a class=\"continue-reading-link\" href=\"https:\/\/bosnazemljabozijemilosti.ba\/?p=63579\">Pro\u010ditajte vi\u0161e&#8230;<\/a><\/p>\n","protected":false},"author":1,"featured_media":0,"comment_status":"open","ping_status":"closed","sticky":false,"template":"","format":"standard","meta":{"footnotes":""},"categories":[5,17],"tags":[],"class_list":["post-63579","post","type-post","status-publish","format-standard","hentry","category-magazin","category-umjetnost"],"_links":{"self":[{"href":"https:\/\/bosnazemljabozijemilosti.ba\/index.php?rest_route=\/wp\/v2\/posts\/63579","targetHints":{"allow":["GET"]}}],"collection":[{"href":"https:\/\/bosnazemljabozijemilosti.ba\/index.php?rest_route=\/wp\/v2\/posts"}],"about":[{"href":"https:\/\/bosnazemljabozijemilosti.ba\/index.php?rest_route=\/wp\/v2\/types\/post"}],"author":[{"embeddable":true,"href":"https:\/\/bosnazemljabozijemilosti.ba\/index.php?rest_route=\/wp\/v2\/users\/1"}],"replies":[{"embeddable":true,"href":"https:\/\/bosnazemljabozijemilosti.ba\/index.php?rest_route=%2Fwp%2Fv2%2Fcomments&post=63579"}],"version-history":[{"count":6,"href":"https:\/\/bosnazemljabozijemilosti.ba\/index.php?rest_route=\/wp\/v2\/posts\/63579\/revisions"}],"predecessor-version":[{"id":113618,"href":"https:\/\/bosnazemljabozijemilosti.ba\/index.php?rest_route=\/wp\/v2\/posts\/63579\/revisions\/113618"}],"wp:attachment":[{"href":"https:\/\/bosnazemljabozijemilosti.ba\/index.php?rest_route=%2Fwp%2Fv2%2Fmedia&parent=63579"}],"wp:term":[{"taxonomy":"category","embeddable":true,"href":"https:\/\/bosnazemljabozijemilosti.ba\/index.php?rest_route=%2Fwp%2Fv2%2Fcategories&post=63579"},{"taxonomy":"post_tag","embeddable":true,"href":"https:\/\/bosnazemljabozijemilosti.ba\/index.php?rest_route=%2Fwp%2Fv2%2Ftags&post=63579"}],"curies":[{"name":"wp","href":"https:\/\/api.w.org\/{rel}","templated":true}]}}