{"id":60609,"date":"2023-07-11T18:40:00","date_gmt":"2023-07-11T16:40:00","guid":{"rendered":"http:\/\/bosnazemljabozijemilosti.ba\/?p=60609"},"modified":"2023-07-10T15:31:56","modified_gmt":"2023-07-10T13:31:56","slug":"60609","status":"publish","type":"post","link":"https:\/\/bosnazemljabozijemilosti.ba\/?p=60609","title":{"rendered":"Srebreni\u010dki \u0160ehidi &#8211; vrijeme \u017eivota i vrijeme tuge"},"content":{"rendered":"<p>Iako istinito te\u0161ko je ovo \u0161to \u0107emo sada re\u0107i.<\/p>\n<p>Ne bojimo se nerazumjevanja , bojimo se da \u0107emo povrijediti ne\u010diju bol.<\/p>\n<p>Uz du\u017eno po\u0161tovanje prema svim koji \u017ealuju za svojim , moramo\u00a0 se prisjtiti:<\/p>\n<p style=\"line-height: 18.0pt; background: white;\">\u201eI ne recite za one koji su na Allahovu putu poginuli: &#8220;Mrtvi su!&#8221; Ne, oni su \u017eivi, ali vi to ne znate\u201c!<\/p>\n<p style=\"line-height: 18.0pt; background: white;\">( Kur\u00b4an \/ El-Bekare, 154 )<\/p>\n<p>Prema\u00a0 rije\u010dima\u00a0 vjerovjesnika Muhameda a.s. , \u0160ehidi su Bo\u017eijom milo\u0161\u0107u blaghoslovljeni posebnim<\/p>\n<p>\u010dastima kojima nije podario ni jednom drugom \u010dovjeku , ni jednom poslaniku\u00a0 \u00a0( parafraziramo) :<\/p>\n<p>&#8211; \u0161ehidi umiru tako to im Allah izravno , Svojom mo\u0107i i milo\u0107u uzima du\u0161u;<\/p>\n<p>-\u0161ehidi se ne gasule ( kupaju poslije smrti)\u00a0 jer\u00a0 njihovo tijelo nema potrebe za zemaljskim \u010di\u0161\u0107enje<\/p>\n<p>vodom;<\/p>\n<p>&#8211;\u00a0\u0161ehidi ne obla\u0107e u \u0107efine jer su njihove du\u0161e umotane u Bo\u017eiju milost;<\/p>\n<p>-za sve vjerovjesnike ka\u017ee se da su mrtvi, a\u00a0 za \u0161ehide ka\u017ee da su \u017eivi;<\/p>\n<p>-vjerovjesnicima se daje pravo zauzimanja za druge samo na Sudnjem danu ,a\u00a0\u0161ehidi imaju pravo<\/p>\n<p>na \u0161efa\u00b4at svaki dan za one za koje se\u00a0 oni zauzimaju.<\/p>\n<p>Postoji vrijeme \u017eivota i vrijeme smrti.<\/p>\n<p>Postoji vrijeme raadosti i vrijeme tuge.<\/p>\n<p>A do\u0107i \u0107e i vrijeme ponovnog pro\u017eivljavanja.<\/p>\n<p>Ali , Bo\u017eijom milo\u0161\u0107u i ljubavlju \u0161ehidi su vje\u010dno \u017eivi i u Njegovim blagodetima..<\/p>\n<p>Njima su dodijeljene posebne \u010dasti i milosti.<\/p>\n<p>Pomozite im da se osje\u0107aju dobro tamo gdje im je Gospod Jedini podario po\u010dasno mjesto.<\/p>\n<p>Sje\u0107ajte ih se sa rado\u0161\u0107u i milo\u0161\u0107u.<\/p>\n<p>Zar\u00a0 mislite da ih ne boli tuga va\u0161a? Zar mislite da ih ne boli va\u0161a bol?<\/p>\n<p>Radujte se svojim \u0161ehidima,ne tugujte vi\u0161e za njima.<\/p>\n<p>Pomozite im da rade ono za \u0161ta ih je Bog odredio.<\/p>\n<p>Da se zauzimaju za dobre ljude i da budu Bo\u017eji svjedoci na Bo\u017eijem sudu\u00a0 za \u010dinjeno zlo i svakom<\/p>\n<p>monstrumu pojedina\u010dno , za po\u010dinjeni udru\u017eeni Genocid i stravi\u010dne pokolje, nepojmljive i Nebu i<\/p>\n<p>Zemlji.<\/p>\n<p>Dozvolite\u00a0 da\u00a0 njihove seni i du\u0161e\u00a0 ,pla\u0161e i izlu\u0111uju zlotvore do njihovog crkavanja.<\/p>\n<p>Milostivi je odredio da monstrumima , ubicama\u00a0 nevinih\u00a0 , An\u0111eli smrti du\u0161e \u010dupaju silom i na\u017eivo ,<\/p>\n<p>i da takvi zlo\u010dinci\u00a0 i njihovi jataci crkavaju u najgorim\u00a0 mukama.<\/p>\n<p>Mi \u017ealujemo za ljudima koji su mu\u010dki ubijene\u00a0 i odajemo po\u0161tovanje onima koji su pre\u017eivjeli,<\/p>\n<p>i pokazali hrabrost , nesalomljivost i istrajnost u traganju za istinom, uprkos tugi i bolu\u00a0 za onima<\/p>\n<p>koje su zlotvori mu\u010dki i bezbo\u017eni\u010dki ubili.<\/p>\n<p>Sretni smo i ponosni \u0161to \u0107emo kada bude vrije\u00a0 imati hrabre,\u010dasne i vjerodostojne za\u0161titnike i<\/p>\n<p>zagovara\u010de dostojne Bo\u017eije milosti.<\/p>\n<p>Fatiha i Selam Srebreni\u010dkim i svim Bosanskohercegova\u010dkim \u0160ehidima<\/p>\n<p>A\u00a0 njihove najmilije neka pomiluje\u00a0 spas Bo\u017eiji i milost Bo\u017eija.<\/p>\n","protected":false},"excerpt":{"rendered":"<p>Iako istinito te\u0161ko je ovo \u0161to \u0107emo sada re\u0107i. Ne bojimo se nerazumjevanja , bojimo se da \u0107emo povrijediti ne\u010diju bol. Uz du\u017eno po\u0161tovanje prema svim koji \u017ealuju za svojim , moramo\u00a0 se prisjtiti: \u201eI ne recite za one koji su na Allahovu putu poginuli: &#8220;Mrtvi su!&#8221; Ne, oni su\u2026 <a class=\"continue-reading-link\" href=\"https:\/\/bosnazemljabozijemilosti.ba\/?p=60609\">Pro\u010ditajte vi\u0161e&#8230;<\/a><\/p>\n","protected":false},"author":1,"featured_media":0,"comment_status":"open","ping_status":"closed","sticky":false,"template":"","format":"standard","meta":{"footnotes":""},"categories":[20,23],"tags":[],"class_list":["post-60609","post","type-post","status-publish","format-standard","hentry","category-grad-cednosti","category-ljubav"],"_links":{"self":[{"href":"https:\/\/bosnazemljabozijemilosti.ba\/index.php?rest_route=\/wp\/v2\/posts\/60609","targetHints":{"allow":["GET"]}}],"collection":[{"href":"https:\/\/bosnazemljabozijemilosti.ba\/index.php?rest_route=\/wp\/v2\/posts"}],"about":[{"href":"https:\/\/bosnazemljabozijemilosti.ba\/index.php?rest_route=\/wp\/v2\/types\/post"}],"author":[{"embeddable":true,"href":"https:\/\/bosnazemljabozijemilosti.ba\/index.php?rest_route=\/wp\/v2\/users\/1"}],"replies":[{"embeddable":true,"href":"https:\/\/bosnazemljabozijemilosti.ba\/index.php?rest_route=%2Fwp%2Fv2%2Fcomments&post=60609"}],"version-history":[{"count":6,"href":"https:\/\/bosnazemljabozijemilosti.ba\/index.php?rest_route=\/wp\/v2\/posts\/60609\/revisions"}],"predecessor-version":[{"id":95981,"href":"https:\/\/bosnazemljabozijemilosti.ba\/index.php?rest_route=\/wp\/v2\/posts\/60609\/revisions\/95981"}],"wp:attachment":[{"href":"https:\/\/bosnazemljabozijemilosti.ba\/index.php?rest_route=%2Fwp%2Fv2%2Fmedia&parent=60609"}],"wp:term":[{"taxonomy":"category","embeddable":true,"href":"https:\/\/bosnazemljabozijemilosti.ba\/index.php?rest_route=%2Fwp%2Fv2%2Fcategories&post=60609"},{"taxonomy":"post_tag","embeddable":true,"href":"https:\/\/bosnazemljabozijemilosti.ba\/index.php?rest_route=%2Fwp%2Fv2%2Ftags&post=60609"}],"curies":[{"name":"wp","href":"https:\/\/api.w.org\/{rel}","templated":true}]}}