{"id":59762,"date":"2025-07-22T17:00:00","date_gmt":"2025-07-22T15:00:00","guid":{"rendered":"http:\/\/bosnazemljabozijemilosti.ba\/?p=59762"},"modified":"2025-07-22T21:47:55","modified_gmt":"2025-07-22T19:47:55","slug":"hunta-milorada-dodika-na-djelu","status":"publish","type":"post","link":"https:\/\/bosnazemljabozijemilosti.ba\/?p=59762","title":{"rendered":"Horor &#8211; Hunta Milorada Dodika na djelu"},"content":{"rendered":"<p>Uvijek aktuelno:<\/p>\n<p>\u00a0<\/p>\n<p>U pomen Miloradu Dodiku razrookoj pija\u010darskoj fukari , odnosno mi mu\u00a0 parastos*iramo .<\/p>\n<p>Zaslu\u017eio je . \u0160to jes\u2019 , onda jes\u2019 !<\/p>\n<p>Dan za danom\u00a0 \u2013 Serijal na\u0161ih zapisa iskantanih tokom godina.<\/p>\n<p>Iz Arhiva<\/p>\n<p><span class=\"author vcard\">BY\u00a0<a class=\"url fn n\" title=\"View all posts by admin\" href=\"http:\/\/bosnazemljabozijemilosti.ba\/?author=1\" rel=\"author\">ADMIN<\/a><\/span><time class=\"onDate date published\" datetime=\"2020-01-24T17:00:54+01:00\"><a href=\"http:\/\/bosnazemljabozijemilosti.ba\/?p=59762\" rel=\"bookmark\">24. JANUARA 2020.<\/a><\/time><span class=\"bl_categ\"><a href=\"http:\/\/bosnazemljabozijemilosti.ba\/?cat=6\" rel=\"category\">ONI NAMA, MI NJIMA<\/a><\/span><\/p>\n<p>\u00a0<\/p>\n<p>https:\/\/www.facebook.com\/watch\/?v=410054146258592<\/p>\n<p>U\u017eas. Horor. Normalan \u010dovjek je zabezeknut.<\/p>\n<p>Fa\u0161isti\u010dke , nacionalsocijalisti\u010dke\u00a0 metode\u00a0 sitne du\u0161e , firera Milorada Dodika i njegove SNSD hunte<\/p>\n<p>su\u00a0 monstruozne i zastra\u0161uju\u0107e..<\/p>\n<p>Ubijen je dje\u010dak\u00a0 David Dragi\u010devi\u0107.<\/p>\n<p>\u00a0<\/p>\n<p>Narod tra\u017ei pravdu.<\/p>\n<p>Kao uzro\u010dne posljedica nastaju represalije tipa Hitlera,Pino\u010dea, Pol Pota , \u010cau\u0161esku, Staljina , Idi Amina&#8230;<\/p>\n<p>Zata\u0161akavanje i utjerivanje straha kulmiliraju ubistvom Sini\u0161e Kruni\u0107a.<\/p>\n<p>Na redu je hap\u0161enje i premla\u0107ivanje staraca.<\/p>\n<p>Osam Dodikovih naoru\u017eanih , bjrsomu\u010dnih i zapjenu\u0161abih &#8220;heroja&#8221; na jednog \u0161ezdeset\u0161estogodi\u0161njeg<\/p>\n<p>straca Bruna Batini\u0107a i njegovu \u017eenu. Tortura bez ikakvog razloga, smisla i povoda osim \u0161to se bra\u010dni<\/p>\n<p>par\u00a0interesovao &#8211;\u00a0 kakvo je vrijeme u Banja Luci i \u0161ire ( RS op.a.)\u00a0 i smije li se disati.<\/p>\n<p>\u00a0<\/p>\n<p>Tako osam re\u017eimskih amoka brane dmeokratija.<\/p>\n<p>Totalitarna strahovlada iskompleksirane razroke\u00a0 pija\u010darske fukare Milorada Bodika , bljutave<\/p>\n<p>radodajke \u017deljke Cvijanovi\u0107 i njihove mafija\u0161ke zlo\u010dina\u010dke udruge.<\/p>\n<p>Valjda vam je jasno za\u0161to Milorad Dodik ne \u017eeli u Evropu.<\/p>\n<p>Tamo vlada , kakva takva vladavina prava, a kriminalcima, ubicama\u00a0 i fa\u0161istima \u010desto\u00a0 je mjesto u zatvoru.<\/p>\n\n\n<pre class=\"wp-block-verse\"><\/pre>\n","protected":false},"excerpt":{"rendered":"<p>Uvijek aktuelno: \u00a0 U pomen Miloradu Dodiku razrookoj pija\u010darskoj fukari , odnosno mi mu\u00a0 parastos*iramo . Zaslu\u017eio je . \u0160to jes\u2019 , onda jes\u2019 ! Dan za danom\u00a0 \u2013 Serijal na\u0161ih zapisa iskantanih tokom godina. Iz Arhiva BY\u00a0ADMIN24. JANUARA 2020.ONI NAMA, MI NJIMA \u00a0 https:\/\/www.facebook.com\/watch\/?v=410054146258592 U\u017eas. Horor. Normalan \u010dovjek je\u2026 <a class=\"continue-reading-link\" href=\"https:\/\/bosnazemljabozijemilosti.ba\/?p=59762\">Pro\u010ditajte vi\u0161e&#8230;<\/a><\/p>\n","protected":false},"author":1,"featured_media":0,"comment_status":"open","ping_status":"closed","sticky":false,"template":"","format":"standard","meta":{"footnotes":""},"categories":[6],"tags":[],"class_list":["post-59762","post","type-post","status-publish","format-standard","hentry","category-oni-nama-mi-njima"],"_links":{"self":[{"href":"https:\/\/bosnazemljabozijemilosti.ba\/index.php?rest_route=\/wp\/v2\/posts\/59762","targetHints":{"allow":["GET"]}}],"collection":[{"href":"https:\/\/bosnazemljabozijemilosti.ba\/index.php?rest_route=\/wp\/v2\/posts"}],"about":[{"href":"https:\/\/bosnazemljabozijemilosti.ba\/index.php?rest_route=\/wp\/v2\/types\/post"}],"author":[{"embeddable":true,"href":"https:\/\/bosnazemljabozijemilosti.ba\/index.php?rest_route=\/wp\/v2\/users\/1"}],"replies":[{"embeddable":true,"href":"https:\/\/bosnazemljabozijemilosti.ba\/index.php?rest_route=%2Fwp%2Fv2%2Fcomments&post=59762"}],"version-history":[{"count":15,"href":"https:\/\/bosnazemljabozijemilosti.ba\/index.php?rest_route=\/wp\/v2\/posts\/59762\/revisions"}],"predecessor-version":[{"id":110695,"href":"https:\/\/bosnazemljabozijemilosti.ba\/index.php?rest_route=\/wp\/v2\/posts\/59762\/revisions\/110695"}],"wp:attachment":[{"href":"https:\/\/bosnazemljabozijemilosti.ba\/index.php?rest_route=%2Fwp%2Fv2%2Fmedia&parent=59762"}],"wp:term":[{"taxonomy":"category","embeddable":true,"href":"https:\/\/bosnazemljabozijemilosti.ba\/index.php?rest_route=%2Fwp%2Fv2%2Fcategories&post=59762"},{"taxonomy":"post_tag","embeddable":true,"href":"https:\/\/bosnazemljabozijemilosti.ba\/index.php?rest_route=%2Fwp%2Fv2%2Ftags&post=59762"}],"curies":[{"name":"wp","href":"https:\/\/api.w.org\/{rel}","templated":true}]}}