{"id":50094,"date":"2018-08-02T20:00:47","date_gmt":"2018-08-02T18:00:47","guid":{"rendered":"http:\/\/bosnazemljabozijemilosti.ba\/?p=50094"},"modified":"2018-08-02T19:40:39","modified_gmt":"2018-08-02T17:40:39","slug":"josip-vricko-se-upisao-u-monstruozne-morbidnjake","status":"publish","type":"post","link":"https:\/\/bosnazemljabozijemilosti.ba\/?p=50094","title":{"rendered":"Josip Vri\u010dko se upisao u monstruozne morbidnjake"},"content":{"rendered":"<p>&nbsp;<\/p>\n<p>Ne\u0107emo op\u0161irno.<\/p>\n<p>Vi\u0161e nam nema smisla tro\u0161iti rije\u010di na pogan, bagru , fukaru,\u00a0 i\u00a0monstruozne morbidnjake.<\/p>\n<p>Uvijek ostaju isti , ali\u00a0 kad tada poka\u017eu svoje pravo lice.<\/p>\n<p>Ne mo\u0161&#8217;\u00a0 ba ti\u00a0 promjeniti onoga od koga se pita ne pravi.<\/p>\n<p>Me\u0111utim sramotno da je Josip Vri\u010dko istovjetnom retorikom one poganulje,\u00a0 izjedna\u010dio genocid u Srebrenici sa stradanjem okorjelih usta\u0161kih kolja\u010da u Blajburgu ( uz duboko izvinjenje ,du\u017eno po\u0161tovanje i saosje\u0107anje sa nevinim \u017ertvama).<\/p>\n<p>Toliko o legimitetu onoga koji na sve na\u010dine poku\u0161ava oprevdati zdr\u017eu\u017eeni zlo\u010dina\u010dki poduhvat povampirenog nacional\u00a0 fa\u0161izma,\u00a0 usta\u0161ke tvorevine Herceg Bosne i idejnog tvorca,povampirenog neo usta\u0161e\u00a0 Franje Tud\u017eana.<\/p>\n<p>Kako \u0107e\u0161 bolan opravdati usta\u0161ka klanja u poslijednjem\u00a0 velikom\u00a0 ratu. Gdje ti ljudskost da klanja u HDZ-ovim konc logorima,Ahmi\u0107e ,\u010covi\u0107ev ratni sabirni logor,\u00a0 \u00a0 etni\u010dka \u010di\u0161\u0107enja i usta\u0161ku politi\u010dku prema nehrvatima izjedna\u010dih sa genocidom u Srebrenici?.<\/p>\n<p>Pitamo se, da li je to li\u010dna\u00a0 osveta Bosni\u00a0 \u0161to je dobio nogu u Oslobo\u0111enju,pa krenuo na krajnju paklenu , povampirenu stranu, ili je usta\u0161tvo imao zabetonirnao u srcu, ali kao i sve prelivode , \u017eivio za kintu vi\u0161e,bez obzira koja \u0107e je kriminalna\u00a0 organizacija\u00a0 platiti.<\/p>\n<p>Jednom rekosmo:<\/p>\n<p>Ima ljudi i ljudi.<\/p>\n<p>A ima i zlo\u010dinaca i neljudi. U ovu grupu spada pogan, bagra i fukara.Na volju vam gdje \u0107e te svrstati Josipa Vri\u010dka. Nikako ne mo\u017eete pogrije\u0161iti.<\/p>\n","protected":false},"excerpt":{"rendered":"<p>&nbsp; Ne\u0107emo op\u0161irno. Vi\u0161e nam nema smisla tro\u0161iti rije\u010di na pogan, bagru , fukaru,\u00a0 i\u00a0monstruozne morbidnjake. Uvijek ostaju isti , ali\u00a0 kad tada poka\u017eu svoje pravo lice. Ne mo\u0161&#8217;\u00a0 ba ti\u00a0 promjeniti onoga od koga se pita ne pravi. Me\u0111utim sramotno da je Josip Vri\u010dko istovjetnom retorikom one poganulje,\u00a0 izjedna\u010dio\u2026 <a class=\"continue-reading-link\" href=\"https:\/\/bosnazemljabozijemilosti.ba\/?p=50094\">Pro\u010ditajte vi\u0161e&#8230;<\/a><\/p>\n","protected":false},"author":1,"featured_media":0,"comment_status":"open","ping_status":"closed","sticky":false,"template":"","format":"standard","meta":{"footnotes":""},"categories":[6],"tags":[],"class_list":["post-50094","post","type-post","status-publish","format-standard","hentry","category-oni-nama-mi-njima"],"_links":{"self":[{"href":"https:\/\/bosnazemljabozijemilosti.ba\/index.php?rest_route=\/wp\/v2\/posts\/50094","targetHints":{"allow":["GET"]}}],"collection":[{"href":"https:\/\/bosnazemljabozijemilosti.ba\/index.php?rest_route=\/wp\/v2\/posts"}],"about":[{"href":"https:\/\/bosnazemljabozijemilosti.ba\/index.php?rest_route=\/wp\/v2\/types\/post"}],"author":[{"embeddable":true,"href":"https:\/\/bosnazemljabozijemilosti.ba\/index.php?rest_route=\/wp\/v2\/users\/1"}],"replies":[{"embeddable":true,"href":"https:\/\/bosnazemljabozijemilosti.ba\/index.php?rest_route=%2Fwp%2Fv2%2Fcomments&post=50094"}],"version-history":[{"count":1,"href":"https:\/\/bosnazemljabozijemilosti.ba\/index.php?rest_route=\/wp\/v2\/posts\/50094\/revisions"}],"predecessor-version":[{"id":50095,"href":"https:\/\/bosnazemljabozijemilosti.ba\/index.php?rest_route=\/wp\/v2\/posts\/50094\/revisions\/50095"}],"wp:attachment":[{"href":"https:\/\/bosnazemljabozijemilosti.ba\/index.php?rest_route=%2Fwp%2Fv2%2Fmedia&parent=50094"}],"wp:term":[{"taxonomy":"category","embeddable":true,"href":"https:\/\/bosnazemljabozijemilosti.ba\/index.php?rest_route=%2Fwp%2Fv2%2Fcategories&post=50094"},{"taxonomy":"post_tag","embeddable":true,"href":"https:\/\/bosnazemljabozijemilosti.ba\/index.php?rest_route=%2Fwp%2Fv2%2Ftags&post=50094"}],"curies":[{"name":"wp","href":"https:\/\/api.w.org\/{rel}","templated":true}]}}