{"id":41392,"date":"2026-03-09T21:09:00","date_gmt":"2026-03-09T20:09:00","guid":{"rendered":"http:\/\/bosnazemljabozijemilosti.ba\/?p=41392"},"modified":"2026-03-10T00:17:27","modified_gmt":"2026-03-09T23:17:27","slug":"tito-cer-biti-kriv-za-iii-svjetski-rat","status":"publish","type":"post","link":"https:\/\/bosnazemljabozijemilosti.ba\/?p=41392","title":{"rendered":"Tito \u0107er biti kriv za III svjetski rat"},"content":{"rendered":"<p><img loading=\"lazy\" decoding=\"async\" class=\"\" src=\"https:\/\/ocdn.eu\/pulscms-transforms\/1\/J-uk9lMaHR0cDovL29jZG4uZXUvaW1hZ2VzL3B1bHNjbXMvWWpnN01EQV8vMzZhYjlmMGEzYTcxNWMwNDZmOWRmNDgwODMzYzdkYzkuanBlZ5GTAs0EsACBAAE\" alt=\"Rezultat slika za nuklearnu bombu Tito prodao Sjevernoj Koreji.\" width=\"471\" height=\"265\" \/><\/p>\n<p>Brojna se \u00a0dostignu\u0107a i nedostignu\u0107a vezuju za ime Josipa Broza Tita.<\/p>\n<p>Fa\u0161isti ukidaju zakletog antifa\u0161istu.<\/p>\n<p>Promovi\u0161u fa\u0161iste i genocid.<\/p>\n<p>Da nije veli\u010dina koja jeste, od silnih podmetanja malih fa\u0161isti\u010dkih mi\u0161eva\u00a0 \u00a0Tito bi se kao ringi\u0161pil okretao u grobu.<\/p>\n<p>Ovako je rahat.<\/p>\n<p>Perca mu historijski minorci ne mogu odbiti.<\/p>\n<p>Jedan od velikana svjetske istorije i sigurno najmarkantnija figura 20 vijeka je i poslije 43 godine smrtnosti , centralna li\u010dnost balkanskog podneblja.<\/p>\n<p>I po dobro i po zlu.<\/p>\n<p>Evo, da znate, najnoviju vijest:<\/p>\n<p>-Tito je Severnoj Koreji predao nacrte za podmornicu za lansiranje nuklearnu bombu.<\/p>\n<h1 class=\"title style-scope ytd-video-primary-info-renderer\"><\/h1>\n<p>Zna\u010di bio je dalekovid , jer je kao zakleti komunista, a tajni agent masona , \u017eelio da &#8220;komunizam&#8221; potu\u010de &#8220;kapitalizam&#8221;,<\/p>\n<p>jednog dana kada njega ne bude, misle\u0107i da ne\u0107e na njega obratiti pa\u017enju i svaliti krivicu.<\/p>\n<p>Pogrije\u0161io je.<\/p>\n<p>Ali je dobro pro\u0161ao.<\/p>\n<p>Niko na dunjaluku \u00a0ne zna ( nije shvatio) ,da je i nacrte za nuklearnu bombu Tito prodao Sjevernoj Koreji.<\/p>\n<p>Jednog dana shvati\u0107e,ali bi\u0107e kasno jer \u0107e svijet ,mo\u017eda, nestati u besmislenim igrama atoma.<\/p>\n","protected":false},"excerpt":{"rendered":"<p>Brojna se \u00a0dostignu\u0107a i nedostignu\u0107a vezuju za ime Josipa Broza Tita. Fa\u0161isti ukidaju zakletog antifa\u0161istu. Promovi\u0161u fa\u0161iste i genocid. Da nije veli\u010dina koja jeste, od silnih podmetanja malih fa\u0161isti\u010dkih mi\u0161eva\u00a0 \u00a0Tito bi se kao ringi\u0161pil okretao u grobu. Ovako je rahat. Perca mu historijski minorci ne mogu odbiti. Jedan od\u2026 <a class=\"continue-reading-link\" href=\"https:\/\/bosnazemljabozijemilosti.ba\/?p=41392\">Pro\u010ditajte vi\u0161e&#8230;<\/a><\/p>\n","protected":false},"author":1,"featured_media":0,"comment_status":"open","ping_status":"closed","sticky":false,"template":"","format":"standard","meta":{"footnotes":""},"categories":[2,18],"tags":[],"class_list":["post-41392","post","type-post","status-publish","format-standard","hentry","category-komentari","category-novosti"],"_links":{"self":[{"href":"https:\/\/bosnazemljabozijemilosti.ba\/index.php?rest_route=\/wp\/v2\/posts\/41392","targetHints":{"allow":["GET"]}}],"collection":[{"href":"https:\/\/bosnazemljabozijemilosti.ba\/index.php?rest_route=\/wp\/v2\/posts"}],"about":[{"href":"https:\/\/bosnazemljabozijemilosti.ba\/index.php?rest_route=\/wp\/v2\/types\/post"}],"author":[{"embeddable":true,"href":"https:\/\/bosnazemljabozijemilosti.ba\/index.php?rest_route=\/wp\/v2\/users\/1"}],"replies":[{"embeddable":true,"href":"https:\/\/bosnazemljabozijemilosti.ba\/index.php?rest_route=%2Fwp%2Fv2%2Fcomments&post=41392"}],"version-history":[{"count":5,"href":"https:\/\/bosnazemljabozijemilosti.ba\/index.php?rest_route=\/wp\/v2\/posts\/41392\/revisions"}],"predecessor-version":[{"id":87308,"href":"https:\/\/bosnazemljabozijemilosti.ba\/index.php?rest_route=\/wp\/v2\/posts\/41392\/revisions\/87308"}],"wp:attachment":[{"href":"https:\/\/bosnazemljabozijemilosti.ba\/index.php?rest_route=%2Fwp%2Fv2%2Fmedia&parent=41392"}],"wp:term":[{"taxonomy":"category","embeddable":true,"href":"https:\/\/bosnazemljabozijemilosti.ba\/index.php?rest_route=%2Fwp%2Fv2%2Fcategories&post=41392"},{"taxonomy":"post_tag","embeddable":true,"href":"https:\/\/bosnazemljabozijemilosti.ba\/index.php?rest_route=%2Fwp%2Fv2%2Ftags&post=41392"}],"curies":[{"name":"wp","href":"https:\/\/api.w.org\/{rel}","templated":true}]}}