{"id":35041,"date":"2026-04-26T23:29:00","date_gmt":"2026-04-26T21:29:00","guid":{"rendered":"http:\/\/bosnazemljabozijemilosti.ba\/?p=35041"},"modified":"2026-04-25T12:36:22","modified_gmt":"2026-04-25T10:36:22","slug":"pred-ponocna-galerija-bosna-zemlja-bozije-milosti-90","status":"publish","type":"post","link":"https:\/\/bosnazemljabozijemilosti.ba\/?p=35041","title":{"rendered":"Pred pono\u0107na Galerija Bosna zemlja Bo\u017eije milosti"},"content":{"rendered":"<p>Autor<\/p>\n<p>Hajro \u0160abanad\u017eovi\u0107<\/p>\n<p><a href=\"http:\/\/bosnazemljabozijemilosti.ba\/wp-content\/uploads\/2017\/03\/Ovo-iskri\u010davo-nebo-nad-nama-II.jpg\"><img loading=\"lazy\" decoding=\"async\" class=\"alignnone wp-image-32283\" src=\"http:\/\/bosnazemljabozijemilosti.ba\/wp-content\/uploads\/2017\/03\/Ovo-iskri\u010davo-nebo-nad-nama-II-203x300.jpg\" alt=\"\" width=\"279\" height=\"412\" srcset=\"https:\/\/bosnazemljabozijemilosti.ba\/wp-content\/uploads\/2017\/03\/Ovo-iskri\u010davo-nebo-nad-nama-II-203x300.jpg 203w, https:\/\/bosnazemljabozijemilosti.ba\/wp-content\/uploads\/2017\/03\/Ovo-iskri\u010davo-nebo-nad-nama-II-101x150.jpg 101w, https:\/\/bosnazemljabozijemilosti.ba\/wp-content\/uploads\/2017\/03\/Ovo-iskri\u010davo-nebo-nad-nama-II.jpg 540w\" sizes=\"auto, (max-width: 279px) 100vw, 279px\" \/>\u00a0 <\/a><a href=\"http:\/\/bosnazemljabozijemilosti.ba\/wp-content\/uploads\/2017\/01\/Crveni-oblak.jpg\"><img loading=\"lazy\" decoding=\"async\" class=\"alignnone wp-image-31475\" src=\"http:\/\/bosnazemljabozijemilosti.ba\/wp-content\/uploads\/2017\/01\/Crveni-oblak-300x199.jpg\" alt=\"\" width=\"351\" height=\"233\" srcset=\"https:\/\/bosnazemljabozijemilosti.ba\/wp-content\/uploads\/2017\/01\/Crveni-oblak-300x199.jpg 300w, https:\/\/bosnazemljabozijemilosti.ba\/wp-content\/uploads\/2017\/01\/Crveni-oblak-768x510.jpg 768w, https:\/\/bosnazemljabozijemilosti.ba\/wp-content\/uploads\/2017\/01\/Crveni-oblak-1024x680.jpg 1024w, https:\/\/bosnazemljabozijemilosti.ba\/wp-content\/uploads\/2017\/01\/Crveni-oblak-226x150.jpg 226w, https:\/\/bosnazemljabozijemilosti.ba\/wp-content\/uploads\/2017\/01\/Crveni-oblak-150x100.jpg 150w, https:\/\/bosnazemljabozijemilosti.ba\/wp-content\/uploads\/2017\/01\/Crveni-oblak.jpg 1061w\" sizes=\"auto, (max-width: 351px) 100vw, 351px\" \/><\/a><a href=\"http:\/\/bosnazemljabozijemilosti.ba\/wp-content\/uploads\/2017\/03\/Ovo-iskri\u010davo-nebo-nad-nama-II.jpg\"><br \/>\n<\/a><\/p>\n<p>Ovo iskri\u010davo nebi nad nama\u00a0\u00a0\u00a0\u00a0\u00a0\u00a0\u00a0\u00a0\u00a0\u00a0\u00a0\u00a0\u00a0\u00a0\u00a0\u00a0\u00a0\u00a0\u00a0\u00a0\u00a0\u00a0\u00a0\u00a0\u00a0\u00a0\u00a0\u00a0\u00a0\u00a0 Crveni oblak<\/p>\n<p><a href=\"http:\/\/bosnazemljabozijemilosti.ba\/wp-content\/uploads\/2016\/12\/More-ru\u017ea.jpg\"><img loading=\"lazy\" decoding=\"async\" class=\"alignnone wp-image-30294\" src=\"http:\/\/bosnazemljabozijemilosti.ba\/wp-content\/uploads\/2016\/12\/More-ru\u017ea-300x209.jpg\" alt=\"\" width=\"347\" height=\"242\" srcset=\"https:\/\/bosnazemljabozijemilosti.ba\/wp-content\/uploads\/2016\/12\/More-ru\u017ea-300x209.jpg 300w, https:\/\/bosnazemljabozijemilosti.ba\/wp-content\/uploads\/2016\/12\/More-ru\u017ea-768x534.jpg 768w, https:\/\/bosnazemljabozijemilosti.ba\/wp-content\/uploads\/2016\/12\/More-ru\u017ea-216x150.jpg 216w, https:\/\/bosnazemljabozijemilosti.ba\/wp-content\/uploads\/2016\/12\/More-ru\u017ea-150x104.jpg 150w, https:\/\/bosnazemljabozijemilosti.ba\/wp-content\/uploads\/2016\/12\/More-ru\u017ea.jpg 800w\" sizes=\"auto, (max-width: 347px) 100vw, 347px\" \/>\u00a0 <\/a><a href=\"http:\/\/bosnazemljabozijemilosti.ba\/wp-content\/uploads\/2016\/12\/Ah-to-MBS-gorje.jpg\"><img loading=\"lazy\" decoding=\"async\" class=\"alignnone wp-image-29794\" src=\"http:\/\/bosnazemljabozijemilosti.ba\/wp-content\/uploads\/2016\/12\/Ah-to-MBS-gorje-192x300.jpg\" alt=\"\" width=\"269\" height=\"420\" srcset=\"https:\/\/bosnazemljabozijemilosti.ba\/wp-content\/uploads\/2016\/12\/Ah-to-MBS-gorje-192x300.jpg 192w, https:\/\/bosnazemljabozijemilosti.ba\/wp-content\/uploads\/2016\/12\/Ah-to-MBS-gorje-96x150.jpg 96w, https:\/\/bosnazemljabozijemilosti.ba\/wp-content\/uploads\/2016\/12\/Ah-to-MBS-gorje.jpg 580w\" sizes=\"auto, (max-width: 269px) 100vw, 269px\" \/><\/a><a href=\"http:\/\/bosnazemljabozijemilosti.ba\/wp-content\/uploads\/2016\/12\/More-ru\u017ea.jpg\"><br \/>\n<\/a><\/p>\n<p>More ru\u017ea\u00a0\u00a0\u00a0\u00a0\u00a0\u00a0\u00a0\u00a0\u00a0\u00a0\u00a0\u00a0\u00a0\u00a0\u00a0\u00a0\u00a0\u00a0\u00a0\u00a0\u00a0\u00a0\u00a0\u00a0\u00a0\u00a0\u00a0\u00a0\u00a0\u00a0\u00a0\u00a0\u00a0\u00a0\u00a0\u00a0\u00a0\u00a0\u00a0\u00a0\u00a0\u00a0\u00a0\u00a0\u00a0\u00a0\u00a0\u00a0\u00a0\u00a0\u00a0\u00a0\u00a0\u00a0\u00a0\u00a0\u00a0\u00a0\u00a0\u00a0\u00a0\u00a0\u00a0\u00a0\u00a0\u00a0\u00a0\u00a0\u00a0\u00a0\u00a0\u00a0\u00a0\u00a0\u00a0\u00a0\u00a0\u00a0\u00a0\u00a0 Ah , to MBS Gorje<\/p>\n<p><a href=\"http:\/\/bosnazemljabozijemilosti.ba\/wp-content\/uploads\/2016\/12\/Plavetni-beskraj.jpg\"><img loading=\"lazy\" decoding=\"async\" class=\"alignnone wp-image-29310\" src=\"http:\/\/bosnazemljabozijemilosti.ba\/wp-content\/uploads\/2016\/12\/Plavetni-beskraj-300x210.jpg\" alt=\"\" width=\"341\" height=\"239\" srcset=\"https:\/\/bosnazemljabozijemilosti.ba\/wp-content\/uploads\/2016\/12\/Plavetni-beskraj-300x210.jpg 300w, https:\/\/bosnazemljabozijemilosti.ba\/wp-content\/uploads\/2016\/12\/Plavetni-beskraj-768x538.jpg 768w, https:\/\/bosnazemljabozijemilosti.ba\/wp-content\/uploads\/2016\/12\/Plavetni-beskraj-214x150.jpg 214w, https:\/\/bosnazemljabozijemilosti.ba\/wp-content\/uploads\/2016\/12\/Plavetni-beskraj-150x105.jpg 150w, https:\/\/bosnazemljabozijemilosti.ba\/wp-content\/uploads\/2016\/12\/Plavetni-beskraj.jpg 800w\" sizes=\"auto, (max-width: 341px) 100vw, 341px\" \/>\u00a0 <\/a><a href=\"http:\/\/bosnazemljabozijemilosti.ba\/wp-content\/uploads\/2016\/12\/Cvije\u0107e-u-plavoj-milosti.jpg\"><img loading=\"lazy\" decoding=\"async\" class=\"alignnone wp-image-29312\" src=\"http:\/\/bosnazemljabozijemilosti.ba\/wp-content\/uploads\/2016\/12\/Cvije\u0107e-u-plavoj-milosti-211x300.jpg\" alt=\"\" width=\"242\" height=\"344\" srcset=\"https:\/\/bosnazemljabozijemilosti.ba\/wp-content\/uploads\/2016\/12\/Cvije\u0107e-u-plavoj-milosti-211x300.jpg 211w, https:\/\/bosnazemljabozijemilosti.ba\/wp-content\/uploads\/2016\/12\/Cvije\u0107e-u-plavoj-milosti-106x150.jpg 106w, https:\/\/bosnazemljabozijemilosti.ba\/wp-content\/uploads\/2016\/12\/Cvije\u0107e-u-plavoj-milosti.jpg 563w\" sizes=\"auto, (max-width: 242px) 100vw, 242px\" \/><\/a><a href=\"http:\/\/bosnazemljabozijemilosti.ba\/wp-content\/uploads\/2016\/12\/Plavetni-beskraj.jpg\"><br \/>\n<\/a><\/p>\n<p>Plavetni beskraj\u00a0\u00a0\u00a0\u00a0\u00a0\u00a0\u00a0\u00a0\u00a0\u00a0\u00a0\u00a0\u00a0\u00a0\u00a0\u00a0\u00a0\u00a0\u00a0\u00a0\u00a0\u00a0\u00a0\u00a0\u00a0\u00a0\u00a0\u00a0\u00a0\u00a0\u00a0\u00a0\u00a0\u00a0\u00a0\u00a0\u00a0\u00a0\u00a0\u00a0\u00a0\u00a0\u00a0\u00a0\u00a0\u00a0\u00a0\u00a0\u00a0\u00a0\u00a0\u00a0\u00a0\u00a0\u00a0\u00a0\u00a0\u00a0\u00a0\u00a0\u00a0\u00a0\u00a0\u00a0 Cvije\u0107e i plavetnoj milosti<\/p>\n<p><a href=\"http:\/\/bosnazemljabozijemilosti.ba\/wp-content\/uploads\/2016\/12\/Lica-i-tirkiznom-okru\u017eenju.jpg\"><img loading=\"lazy\" decoding=\"async\" class=\"alignnone wp-image-29117\" src=\"http:\/\/bosnazemljabozijemilosti.ba\/wp-content\/uploads\/2016\/12\/Lica-i-tirkiznom-okru\u017eenju-300x210.jpg\" alt=\"\" width=\"310\" height=\"217\" srcset=\"https:\/\/bosnazemljabozijemilosti.ba\/wp-content\/uploads\/2016\/12\/Lica-i-tirkiznom-okru\u017eenju-300x210.jpg 300w, https:\/\/bosnazemljabozijemilosti.ba\/wp-content\/uploads\/2016\/12\/Lica-i-tirkiznom-okru\u017eenju-768x539.jpg 768w, https:\/\/bosnazemljabozijemilosti.ba\/wp-content\/uploads\/2016\/12\/Lica-i-tirkiznom-okru\u017eenju-214x150.jpg 214w, https:\/\/bosnazemljabozijemilosti.ba\/wp-content\/uploads\/2016\/12\/Lica-i-tirkiznom-okru\u017eenju-150x105.jpg 150w, https:\/\/bosnazemljabozijemilosti.ba\/wp-content\/uploads\/2016\/12\/Lica-i-tirkiznom-okru\u017eenju.jpg 800w\" sizes=\"auto, (max-width: 310px) 100vw, 310px\" \/>\u00a0 <\/a><a href=\"http:\/\/bosnazemljabozijemilosti.ba\/wp-content\/uploads\/2016\/12\/\u010carobni-ru\u017ei\u010dnjak.jpg\"><img loading=\"lazy\" decoding=\"async\" class=\"alignnone wp-image-29057\" src=\"http:\/\/bosnazemljabozijemilosti.ba\/wp-content\/uploads\/2016\/12\/\u010carobni-ru\u017ei\u010dnjak-300x210.jpg\" alt=\"\" width=\"309\" height=\"216\" srcset=\"https:\/\/bosnazemljabozijemilosti.ba\/wp-content\/uploads\/2016\/12\/\u010carobni-ru\u017ei\u010dnjak-300x210.jpg 300w, https:\/\/bosnazemljabozijemilosti.ba\/wp-content\/uploads\/2016\/12\/\u010carobni-ru\u017ei\u010dnjak-768x537.jpg 768w, https:\/\/bosnazemljabozijemilosti.ba\/wp-content\/uploads\/2016\/12\/\u010carobni-ru\u017ei\u010dnjak-215x150.jpg 215w, https:\/\/bosnazemljabozijemilosti.ba\/wp-content\/uploads\/2016\/12\/\u010carobni-ru\u017ei\u010dnjak-150x105.jpg 150w, https:\/\/bosnazemljabozijemilosti.ba\/wp-content\/uploads\/2016\/12\/\u010carobni-ru\u017ei\u010dnjak.jpg 800w\" sizes=\"auto, (max-width: 309px) 100vw, 309px\" \/><\/a><a href=\"http:\/\/bosnazemljabozijemilosti.ba\/wp-content\/uploads\/2016\/12\/Lica-i-tirkiznom-okru\u017eenju.jpg\"><br \/>\n<\/a><\/p>\n<p>Lica u tirkiznom okru\u017eenju\u00a0\u00a0\u00a0\u00a0\u00a0\u00a0\u00a0\u00a0\u00a0\u00a0\u00a0\u00a0\u00a0\u00a0\u00a0\u00a0\u00a0\u00a0\u00a0\u00a0\u00a0\u00a0\u00a0\u00a0\u00a0\u00a0\u00a0\u00a0\u00a0\u00a0\u00a0\u00a0\u00a0\u00a0\u00a0 \u010carobni ru\u017ei\u010dnjak<\/p>\n<p><a href=\"http:\/\/bosnazemljabozijemilosti.ba\/wp-content\/uploads\/2016\/12\/Nje\u017enost-lebdi.jpg\"><img loading=\"lazy\" decoding=\"async\" class=\"alignnone wp-image-28999\" src=\"http:\/\/bosnazemljabozijemilosti.ba\/wp-content\/uploads\/2016\/12\/Nje\u017enost-lebdi-300x203.jpg\" alt=\"\" width=\"315\" height=\"213\" srcset=\"https:\/\/bosnazemljabozijemilosti.ba\/wp-content\/uploads\/2016\/12\/Nje\u017enost-lebdi-300x203.jpg 300w, https:\/\/bosnazemljabozijemilosti.ba\/wp-content\/uploads\/2016\/12\/Nje\u017enost-lebdi-768x520.jpg 768w, https:\/\/bosnazemljabozijemilosti.ba\/wp-content\/uploads\/2016\/12\/Nje\u017enost-lebdi-222x150.jpg 222w, https:\/\/bosnazemljabozijemilosti.ba\/wp-content\/uploads\/2016\/12\/Nje\u017enost-lebdi-150x102.jpg 150w, https:\/\/bosnazemljabozijemilosti.ba\/wp-content\/uploads\/2016\/12\/Nje\u017enost-lebdi.jpg 888w\" sizes=\"auto, (max-width: 315px) 100vw, 315px\" \/>\u00a0 <\/a><a href=\"http:\/\/bosnazemljabozijemilosti.ba\/wp-content\/uploads\/2016\/11\/Cvijetni-miris-ljubavi.jpg\"><img loading=\"lazy\" decoding=\"async\" class=\"alignnone wp-image-28369\" src=\"http:\/\/bosnazemljabozijemilosti.ba\/wp-content\/uploads\/2016\/11\/Cvijetni-miris-ljubavi-209x300.jpg\" alt=\"\" width=\"279\" height=\"400\" srcset=\"https:\/\/bosnazemljabozijemilosti.ba\/wp-content\/uploads\/2016\/11\/Cvijetni-miris-ljubavi-209x300.jpg 209w, https:\/\/bosnazemljabozijemilosti.ba\/wp-content\/uploads\/2016\/11\/Cvijetni-miris-ljubavi-104x150.jpg 104w, https:\/\/bosnazemljabozijemilosti.ba\/wp-content\/uploads\/2016\/11\/Cvijetni-miris-ljubavi.jpg 556w\" sizes=\"auto, (max-width: 279px) 100vw, 279px\" \/><\/a><a href=\"http:\/\/bosnazemljabozijemilosti.ba\/wp-content\/uploads\/2016\/12\/Nje\u017enost-lebdi.jpg\"><br \/>\n<\/a><\/p>\n<p>Nje\u017enost lebdi\u00a0\u00a0\u00a0\u00a0\u00a0\u00a0\u00a0\u00a0\u00a0\u00a0\u00a0\u00a0\u00a0\u00a0\u00a0\u00a0\u00a0\u00a0\u00a0\u00a0\u00a0\u00a0\u00a0\u00a0\u00a0\u00a0\u00a0\u00a0\u00a0\u00a0\u00a0\u00a0\u00a0\u00a0\u00a0\u00a0\u00a0\u00a0\u00a0\u00a0\u00a0\u00a0\u00a0\u00a0\u00a0\u00a0\u00a0\u00a0\u00a0\u00a0\u00a0\u00a0\u00a0\u00a0\u00a0\u00a0\u00a0\u00a0\u00a0\u00a0\u00a0\u00a0\u00a0\u00a0\u00a0\u00a0 Cvijetni miris ljubavi<\/p>\n<p><a href=\"http:\/\/bosnazemljabozijemilosti.ba\/wp-content\/uploads\/2016\/11\/Prohladan-jesenji-dan.jpg\"><img loading=\"lazy\" decoding=\"async\" class=\"alignnone wp-image-28247\" src=\"http:\/\/bosnazemljabozijemilosti.ba\/wp-content\/uploads\/2016\/11\/Prohladan-jesenji-dan-300x206.jpg\" alt=\"\" width=\"317\" height=\"218\" srcset=\"https:\/\/bosnazemljabozijemilosti.ba\/wp-content\/uploads\/2016\/11\/Prohladan-jesenji-dan-300x206.jpg 300w, https:\/\/bosnazemljabozijemilosti.ba\/wp-content\/uploads\/2016\/11\/Prohladan-jesenji-dan-768x528.jpg 768w, https:\/\/bosnazemljabozijemilosti.ba\/wp-content\/uploads\/2016\/11\/Prohladan-jesenji-dan-218x150.jpg 218w, https:\/\/bosnazemljabozijemilosti.ba\/wp-content\/uploads\/2016\/11\/Prohladan-jesenji-dan-150x103.jpg 150w, https:\/\/bosnazemljabozijemilosti.ba\/wp-content\/uploads\/2016\/11\/Prohladan-jesenji-dan.jpg 888w\" sizes=\"auto, (max-width: 317px) 100vw, 317px\" \/>\u00a0 <\/a><a href=\"http:\/\/bosnazemljabozijemilosti.ba\/wp-content\/uploads\/2016\/11\/Mozaik-crvenih-krajolika.jpg\"><img loading=\"lazy\" decoding=\"async\" class=\"alignnone wp-image-28074\" src=\"http:\/\/bosnazemljabozijemilosti.ba\/wp-content\/uploads\/2016\/11\/Mozaik-crvenih-krajolika-300x209.jpg\" alt=\"\" width=\"316\" height=\"220\" srcset=\"https:\/\/bosnazemljabozijemilosti.ba\/wp-content\/uploads\/2016\/11\/Mozaik-crvenih-krajolika-300x209.jpg 300w, https:\/\/bosnazemljabozijemilosti.ba\/wp-content\/uploads\/2016\/11\/Mozaik-crvenih-krajolika-768x534.jpg 768w, https:\/\/bosnazemljabozijemilosti.ba\/wp-content\/uploads\/2016\/11\/Mozaik-crvenih-krajolika-216x150.jpg 216w, https:\/\/bosnazemljabozijemilosti.ba\/wp-content\/uploads\/2016\/11\/Mozaik-crvenih-krajolika-150x104.jpg 150w, https:\/\/bosnazemljabozijemilosti.ba\/wp-content\/uploads\/2016\/11\/Mozaik-crvenih-krajolika.jpg 800w\" sizes=\"auto, (max-width: 316px) 100vw, 316px\" \/><\/a><a href=\"http:\/\/bosnazemljabozijemilosti.ba\/wp-content\/uploads\/2016\/11\/Prohladan-jesenji-dan.jpg\"><br \/>\n<\/a><\/p>\n<p>Prohladan jesenji dan\u00a0\u00a0\u00a0\u00a0\u00a0\u00a0\u00a0\u00a0\u00a0\u00a0\u00a0\u00a0\u00a0\u00a0\u00a0\u00a0\u00a0\u00a0\u00a0\u00a0\u00a0\u00a0\u00a0\u00a0\u00a0\u00a0\u00a0\u00a0\u00a0\u00a0\u00a0\u00a0\u00a0\u00a0\u00a0\u00a0\u00a0\u00a0\u00a0\u00a0\u00a0\u00a0\u00a0\u00a0\u00a0\u00a0\u00a0\u00a0\u00a0\u00a0\u00a0\u00a0\u00a0\u00a0\u00a0\u00a0\u00a0\u00a0 Mozaik crvenih krajolika<\/p>\n<p><a href=\"http:\/\/bosnazemljabozijemilosti.ba\/wp-content\/uploads\/2016\/11\/Iskri\u010dava-tama.jpg\"><img loading=\"lazy\" decoding=\"async\" class=\"alignnone wp-image-27943\" src=\"http:\/\/bosnazemljabozijemilosti.ba\/wp-content\/uploads\/2016\/11\/Iskri\u010dava-tama-300x202.jpg\" alt=\"\" width=\"322\" height=\"217\" srcset=\"https:\/\/bosnazemljabozijemilosti.ba\/wp-content\/uploads\/2016\/11\/Iskri\u010dava-tama-300x202.jpg 300w, https:\/\/bosnazemljabozijemilosti.ba\/wp-content\/uploads\/2016\/11\/Iskri\u010dava-tama-768x518.jpg 768w, https:\/\/bosnazemljabozijemilosti.ba\/wp-content\/uploads\/2016\/11\/Iskri\u010dava-tama-222x150.jpg 222w, https:\/\/bosnazemljabozijemilosti.ba\/wp-content\/uploads\/2016\/11\/Iskri\u010dava-tama-150x101.jpg 150w, https:\/\/bosnazemljabozijemilosti.ba\/wp-content\/uploads\/2016\/11\/Iskri\u010dava-tama.jpg 898w\" sizes=\"auto, (max-width: 322px) 100vw, 322px\" \/>\u00a0 <\/a><a href=\"http:\/\/bosnazemljabozijemilosti.ba\/wp-content\/uploads\/2016\/11\/Zimski-velovi-I.jpg\"><img loading=\"lazy\" decoding=\"async\" class=\"alignnone wp-image-27691\" src=\"http:\/\/bosnazemljabozijemilosti.ba\/wp-content\/uploads\/2016\/11\/Zimski-velovi-I-218x300.jpg\" alt=\"\" width=\"262\" height=\"361\" srcset=\"https:\/\/bosnazemljabozijemilosti.ba\/wp-content\/uploads\/2016\/11\/Zimski-velovi-I-218x300.jpg 218w, https:\/\/bosnazemljabozijemilosti.ba\/wp-content\/uploads\/2016\/11\/Zimski-velovi-I-109x150.jpg 109w, https:\/\/bosnazemljabozijemilosti.ba\/wp-content\/uploads\/2016\/11\/Zimski-velovi-I.jpg 582w\" sizes=\"auto, (max-width: 262px) 100vw, 262px\" \/><\/a><a href=\"http:\/\/bosnazemljabozijemilosti.ba\/wp-content\/uploads\/2016\/11\/Iskri\u010dava-tama.jpg\"><br \/>\n<\/a><\/p>\n<p>Iskri\u010dava tama\u00a0\u00a0\u00a0\u00a0\u00a0\u00a0\u00a0\u00a0\u00a0\u00a0\u00a0\u00a0\u00a0\u00a0\u00a0\u00a0\u00a0\u00a0\u00a0\u00a0\u00a0\u00a0\u00a0\u00a0\u00a0\u00a0\u00a0\u00a0\u00a0\u00a0\u00a0\u00a0\u00a0\u00a0\u00a0\u00a0\u00a0\u00a0\u00a0\u00a0\u00a0\u00a0\u00a0\u00a0\u00a0\u00a0\u00a0\u00a0\u00a0\u00a0\u00a0\u00a0\u00a0\u00a0\u00a0\u00a0\u00a0\u00a0\u00a0\u00a0\u00a0\u00a0\u00a0\u00a0\u00a0 Zimski velovi<\/p>\n<p><a href=\"http:\/\/bosnazemljabozijemilosti.ba\/wp-content\/uploads\/2016\/10\/Jesenje-granje.jpg\"><img loading=\"lazy\" decoding=\"async\" class=\"alignnone wp-image-26932\" src=\"http:\/\/bosnazemljabozijemilosti.ba\/wp-content\/uploads\/2016\/10\/Jesenje-granje-300x202.jpg\" alt=\"\" width=\"328\" height=\"221\" srcset=\"https:\/\/bosnazemljabozijemilosti.ba\/wp-content\/uploads\/2016\/10\/Jesenje-granje-300x202.jpg 300w, https:\/\/bosnazemljabozijemilosti.ba\/wp-content\/uploads\/2016\/10\/Jesenje-granje-768x518.jpg 768w, https:\/\/bosnazemljabozijemilosti.ba\/wp-content\/uploads\/2016\/10\/Jesenje-granje-222x150.jpg 222w, https:\/\/bosnazemljabozijemilosti.ba\/wp-content\/uploads\/2016\/10\/Jesenje-granje-150x101.jpg 150w, https:\/\/bosnazemljabozijemilosti.ba\/wp-content\/uploads\/2016\/10\/Jesenje-granje.jpg 883w\" sizes=\"auto, (max-width: 328px) 100vw, 328px\" \/>\u00a0 <\/a><a href=\"http:\/\/bosnazemljabozijemilosti.ba\/wp-content\/uploads\/2016\/10\/Snje\u017eno-nebo-nad-\u0111ardinom.jpg\"><img loading=\"lazy\" decoding=\"async\" class=\"alignnone size-medium wp-image-26928\" src=\"http:\/\/bosnazemljabozijemilosti.ba\/wp-content\/uploads\/2016\/10\/Snje\u017eno-nebo-nad-\u0111ardinom-300x210.jpg\" alt=\"\" width=\"300\" height=\"210\" srcset=\"https:\/\/bosnazemljabozijemilosti.ba\/wp-content\/uploads\/2016\/10\/Snje\u017eno-nebo-nad-\u0111ardinom-300x210.jpg 300w, https:\/\/bosnazemljabozijemilosti.ba\/wp-content\/uploads\/2016\/10\/Snje\u017eno-nebo-nad-\u0111ardinom-768x537.jpg 768w, https:\/\/bosnazemljabozijemilosti.ba\/wp-content\/uploads\/2016\/10\/Snje\u017eno-nebo-nad-\u0111ardinom-215x150.jpg 215w, https:\/\/bosnazemljabozijemilosti.ba\/wp-content\/uploads\/2016\/10\/Snje\u017eno-nebo-nad-\u0111ardinom-150x105.jpg 150w, https:\/\/bosnazemljabozijemilosti.ba\/wp-content\/uploads\/2016\/10\/Snje\u017eno-nebo-nad-\u0111ardinom.jpg 800w\" sizes=\"auto, (max-width: 300px) 100vw, 300px\" \/><\/a><a href=\"http:\/\/bosnazemljabozijemilosti.ba\/wp-content\/uploads\/2016\/10\/Jesenje-granje.jpg\"><br \/>\n<\/a><\/p>\n<p>Jesenje granje\u00a0\u00a0\u00a0\u00a0\u00a0\u00a0\u00a0\u00a0\u00a0\u00a0\u00a0\u00a0\u00a0\u00a0\u00a0\u00a0\u00a0\u00a0\u00a0\u00a0\u00a0\u00a0\u00a0\u00a0\u00a0\u00a0\u00a0\u00a0\u00a0\u00a0\u00a0\u00a0\u00a0\u00a0\u00a0\u00a0\u00a0\u00a0\u00a0\u00a0\u00a0\u00a0\u00a0\u00a0\u00a0\u00a0\u00a0\u00a0\u00a0\u00a0\u00a0\u00a0\u00a0\u00a0\u00a0\u00a0\u00a0\u00a0\u00a0\u00a0\u00a0\u00a0 Snje\u017eno nebo nad \u0111ardinom<\/p>\n","protected":false},"excerpt":{"rendered":"<p>Autor Hajro \u0160abanad\u017eovi\u0107 \u00a0 Ovo iskri\u010davo nebi nad nama\u00a0\u00a0\u00a0\u00a0\u00a0\u00a0\u00a0\u00a0\u00a0\u00a0\u00a0\u00a0\u00a0\u00a0\u00a0\u00a0\u00a0\u00a0\u00a0\u00a0\u00a0\u00a0\u00a0\u00a0\u00a0\u00a0\u00a0\u00a0\u00a0\u00a0 Crveni oblak \u00a0 More ru\u017ea\u00a0\u00a0\u00a0\u00a0\u00a0\u00a0\u00a0\u00a0\u00a0\u00a0\u00a0\u00a0\u00a0\u00a0\u00a0\u00a0\u00a0\u00a0\u00a0\u00a0\u00a0\u00a0\u00a0\u00a0\u00a0\u00a0\u00a0\u00a0\u00a0\u00a0\u00a0\u00a0\u00a0\u00a0\u00a0\u00a0\u00a0\u00a0\u00a0\u00a0\u00a0\u00a0\u00a0\u00a0\u00a0\u00a0\u00a0\u00a0\u00a0\u00a0\u00a0\u00a0\u00a0\u00a0\u00a0\u00a0\u00a0\u00a0\u00a0\u00a0\u00a0\u00a0\u00a0\u00a0\u00a0\u00a0\u00a0\u00a0\u00a0\u00a0\u00a0\u00a0\u00a0\u00a0\u00a0\u00a0\u00a0\u00a0\u00a0\u00a0 Ah , to MBS Gorje \u00a0 Plavetni beskraj\u00a0\u00a0\u00a0\u00a0\u00a0\u00a0\u00a0\u00a0\u00a0\u00a0\u00a0\u00a0\u00a0\u00a0\u00a0\u00a0\u00a0\u00a0\u00a0\u00a0\u00a0\u00a0\u00a0\u00a0\u00a0\u00a0\u00a0\u00a0\u00a0\u00a0\u00a0\u00a0\u00a0\u00a0\u00a0\u00a0\u00a0\u00a0\u00a0\u00a0\u00a0\u00a0\u00a0\u00a0\u00a0\u00a0\u00a0\u00a0\u00a0\u00a0\u00a0\u00a0\u00a0\u00a0\u00a0\u00a0\u00a0\u00a0\u00a0\u00a0\u00a0\u00a0\u00a0\u00a0 Cvije\u0107e i plavetnoj milosti \u00a0 Lica u tirkiznom okru\u017eenju\u00a0\u00a0\u00a0\u00a0\u00a0\u00a0\u00a0\u00a0\u00a0\u00a0\u00a0\u00a0\u00a0\u00a0\u00a0\u00a0\u00a0\u00a0\u00a0\u00a0\u00a0\u00a0\u00a0\u00a0\u00a0\u00a0\u00a0\u00a0\u00a0\u00a0\u00a0\u00a0\u00a0\u00a0\u00a0 \u010carobni ru\u017ei\u010dnjak \u00a0 Nje\u017enost lebdi\u00a0\u00a0\u00a0\u00a0\u00a0\u00a0\u00a0\u00a0\u00a0\u00a0\u00a0\u00a0\u00a0\u00a0\u00a0\u00a0\u00a0\u00a0\u00a0\u00a0\u00a0\u00a0\u00a0\u00a0\u00a0\u00a0\u00a0\u00a0\u00a0\u00a0\u00a0\u00a0\u00a0\u00a0\u00a0\u00a0\u00a0\u00a0\u00a0\u00a0\u00a0\u00a0\u00a0\u00a0\u00a0\u00a0\u00a0\u00a0\u00a0\u00a0\u00a0\u00a0\u00a0\u00a0\u00a0\u00a0\u00a0\u00a0\u00a0\u00a0\u00a0\u00a0\u00a0\u00a0\u00a0\u00a0 Cvijetni miris ljubavi \u00a0 Prohladan jesenji dan\u00a0\u00a0\u00a0\u00a0\u00a0\u00a0\u00a0\u00a0\u00a0\u00a0\u00a0\u00a0\u00a0\u00a0\u00a0\u00a0\u00a0\u00a0\u00a0\u00a0\u00a0\u00a0\u00a0\u00a0\u00a0\u00a0\u00a0\u00a0\u00a0\u00a0\u00a0\u00a0\u00a0\u00a0\u00a0\u00a0\u00a0\u00a0\u00a0\u00a0\u00a0\u00a0\u00a0\u00a0\u00a0\u00a0\u00a0\u00a0\u00a0\u00a0\u00a0\u00a0\u00a0\u00a0\u00a0\u00a0\u00a0\u00a0 Mozaik crvenih krajolika \u00a0 Iskri\u010dava tama\u00a0\u00a0\u00a0\u00a0\u00a0\u00a0\u00a0\u00a0\u00a0\u00a0\u00a0\u00a0\u00a0\u00a0\u00a0\u00a0\u00a0\u00a0\u00a0\u00a0\u00a0\u00a0\u00a0\u00a0\u00a0\u00a0\u00a0\u00a0\u00a0\u00a0\u00a0\u00a0\u00a0\u00a0\u00a0\u00a0\u00a0\u00a0\u00a0\u00a0\u00a0\u00a0\u00a0\u00a0\u00a0\u00a0\u00a0\u00a0\u00a0\u00a0\u00a0\u00a0\u00a0\u00a0\u00a0\u00a0\u00a0\u00a0\u00a0\u00a0\u00a0\u00a0\u00a0\u00a0\u00a0 Zimski\u2026 <a class=\"continue-reading-link\" href=\"https:\/\/bosnazemljabozijemilosti.ba\/?p=35041\">Pro\u010ditajte vi\u0161e&#8230;<\/a><\/p>\n","protected":false},"author":1,"featured_media":0,"comment_status":"open","ping_status":"closed","sticky":false,"template":"","format":"standard","meta":{"footnotes":""},"categories":[33,38],"tags":[],"class_list":["post-35041","post","type-post","status-publish","format-standard","hentry","category-galerije","category-pretponocna-galerija"],"_links":{"self":[{"href":"https:\/\/bosnazemljabozijemilosti.ba\/index.php?rest_route=\/wp\/v2\/posts\/35041","targetHints":{"allow":["GET"]}}],"collection":[{"href":"https:\/\/bosnazemljabozijemilosti.ba\/index.php?rest_route=\/wp\/v2\/posts"}],"about":[{"href":"https:\/\/bosnazemljabozijemilosti.ba\/index.php?rest_route=\/wp\/v2\/types\/post"}],"author":[{"embeddable":true,"href":"https:\/\/bosnazemljabozijemilosti.ba\/index.php?rest_route=\/wp\/v2\/users\/1"}],"replies":[{"embeddable":true,"href":"https:\/\/bosnazemljabozijemilosti.ba\/index.php?rest_route=%2Fwp%2Fv2%2Fcomments&post=35041"}],"version-history":[{"count":5,"href":"https:\/\/bosnazemljabozijemilosti.ba\/index.php?rest_route=\/wp\/v2\/posts\/35041\/revisions"}],"predecessor-version":[{"id":90103,"href":"https:\/\/bosnazemljabozijemilosti.ba\/index.php?rest_route=\/wp\/v2\/posts\/35041\/revisions\/90103"}],"wp:attachment":[{"href":"https:\/\/bosnazemljabozijemilosti.ba\/index.php?rest_route=%2Fwp%2Fv2%2Fmedia&parent=35041"}],"wp:term":[{"taxonomy":"category","embeddable":true,"href":"https:\/\/bosnazemljabozijemilosti.ba\/index.php?rest_route=%2Fwp%2Fv2%2Fcategories&post=35041"},{"taxonomy":"post_tag","embeddable":true,"href":"https:\/\/bosnazemljabozijemilosti.ba\/index.php?rest_route=%2Fwp%2Fv2%2Ftags&post=35041"}],"curies":[{"name":"wp","href":"https:\/\/api.w.org\/{rel}","templated":true}]}}