{"id":3073,"date":"2026-04-21T15:03:00","date_gmt":"2026-04-21T13:03:00","guid":{"rendered":"http:\/\/bosnazemljabozijemilosti.ba\/?p=3073"},"modified":"2026-04-21T00:19:59","modified_gmt":"2026-04-20T22:19:59","slug":"galerija-bosne-zemlje-bozije-milosti-u-15-03","status":"publish","type":"post","link":"https:\/\/bosnazemljabozijemilosti.ba\/?p=3073","title":{"rendered":"Bosne zemlje bo\u017eije milosti Galerija u 15 03"},"content":{"rendered":"<p>Autor<\/p>\n<p>Hajro \u0160abanad\u017eovi\u0107<\/p>\n<p><a href=\"http:\/\/bosnazemljabozijemilosti.ba\/wp-content\/uploads\/2015\/11\/Crno-bijeli-svijet.jpg\"><img loading=\"lazy\" decoding=\"async\" class=\"alignnone wp-image-2823\" src=\"http:\/\/bosnazemljabozijemilosti.ba\/wp-content\/uploads\/2015\/11\/Crno-bijeli-svijet-292x300.jpg\" alt=\"Crno bijeli svijet\" width=\"291\" height=\"299\" srcset=\"https:\/\/bosnazemljabozijemilosti.ba\/wp-content\/uploads\/2015\/11\/Crno-bijeli-svijet-292x300.jpg 292w, https:\/\/bosnazemljabozijemilosti.ba\/wp-content\/uploads\/2015\/11\/Crno-bijeli-svijet-146x150.jpg 146w, https:\/\/bosnazemljabozijemilosti.ba\/wp-content\/uploads\/2015\/11\/Crno-bijeli-svijet.jpg 575w\" sizes=\"auto, (max-width: 291px) 100vw, 291px\" \/><\/a>\u00a0 \u00a0 \u00a0 \u00a0<a href=\"http:\/\/bosnazemljabozijemilosti.ba\/wp-content\/uploads\/2015\/11\/No\u0107-punog-mjeseca.jpg\"><img loading=\"lazy\" decoding=\"async\" class=\"alignnone wp-image-2792\" src=\"http:\/\/bosnazemljabozijemilosti.ba\/wp-content\/uploads\/2015\/11\/No\u0107-punog-mjeseca-300x284.jpg\" alt=\"No\u0107 punog mjeseca\" width=\"314\" height=\"297\" srcset=\"https:\/\/bosnazemljabozijemilosti.ba\/wp-content\/uploads\/2015\/11\/No\u0107-punog-mjeseca-300x284.jpg 300w, https:\/\/bosnazemljabozijemilosti.ba\/wp-content\/uploads\/2015\/11\/No\u0107-punog-mjeseca-158x150.jpg 158w, https:\/\/bosnazemljabozijemilosti.ba\/wp-content\/uploads\/2015\/11\/No\u0107-punog-mjeseca-150x142.jpg 150w, https:\/\/bosnazemljabozijemilosti.ba\/wp-content\/uploads\/2015\/11\/No\u0107-punog-mjeseca.jpg 650w\" sizes=\"auto, (max-width: 314px) 100vw, 314px\" \/><\/a><\/p>\n<p><span style=\"color: #000000;\">Crno bijeli svijet \u00a0 \u00a0 \u00a0 \u00a0 \u00a0 \u00a0 \u00a0 \u00a0 \u00a0 \u00a0 \u00a0 \u00a0 \u00a0 \u00a0 \u00a0 \u00a0 \u00a0 \u00a0 \u00a0 \u00a0 \u00a0 \u00a0 \u00a0 \u00a0 \u00a0 \u00a0 \u00a0 No\u0107 punog mjeseca<\/span><\/p>\n<p><a href=\"http:\/\/bosnazemljabozijemilosti.ba\/wp-content\/uploads\/2015\/11\/Trofej.jpg\"><img loading=\"lazy\" decoding=\"async\" class=\"alignnone wp-image-2600\" src=\"http:\/\/bosnazemljabozijemilosti.ba\/wp-content\/uploads\/2015\/11\/Trofej-294x300.jpg\" alt=\"Trofej\" width=\"309\" height=\"316\" srcset=\"https:\/\/bosnazemljabozijemilosti.ba\/wp-content\/uploads\/2015\/11\/Trofej-294x300.jpg 294w, https:\/\/bosnazemljabozijemilosti.ba\/wp-content\/uploads\/2015\/11\/Trofej-147x150.jpg 147w, https:\/\/bosnazemljabozijemilosti.ba\/wp-content\/uploads\/2015\/11\/Trofej.jpg 580w\" sizes=\"auto, (max-width: 309px) 100vw, 309px\" \/><\/a>\u00a0 \u00a0<a href=\"http:\/\/bosnazemljabozijemilosti.ba\/wp-content\/uploads\/2016\/03\/Velovi-Modre-rijeke.jpg\" rel=\"attachment wp-att-13913\"><img loading=\"lazy\" decoding=\"async\" class=\"alignnone wp-image-13913\" src=\"http:\/\/bosnazemljabozijemilosti.ba\/wp-content\/uploads\/2016\/03\/Velovi-Modre-rijeke-300x199.jpg\" alt=\"Velovi Modre rijeke\" width=\"307\" height=\"204\" srcset=\"https:\/\/bosnazemljabozijemilosti.ba\/wp-content\/uploads\/2016\/03\/Velovi-Modre-rijeke-300x199.jpg 300w, https:\/\/bosnazemljabozijemilosti.ba\/wp-content\/uploads\/2016\/03\/Velovi-Modre-rijeke-768x510.jpg 768w, https:\/\/bosnazemljabozijemilosti.ba\/wp-content\/uploads\/2016\/03\/Velovi-Modre-rijeke-226x150.jpg 226w, https:\/\/bosnazemljabozijemilosti.ba\/wp-content\/uploads\/2016\/03\/Velovi-Modre-rijeke-150x100.jpg 150w, https:\/\/bosnazemljabozijemilosti.ba\/wp-content\/uploads\/2016\/03\/Velovi-Modre-rijeke.jpg 898w\" sizes=\"auto, (max-width: 307px) 100vw, 307px\" \/><\/a><\/p>\n<p><span style=\"color: #000000;\">Trofej \u00a0 \u00a0 \u00a0 \u00a0 \u00a0 \u00a0 \u00a0 \u00a0 \u00a0 \u00a0 \u00a0 \u00a0 \u00a0 \u00a0 \u00a0 \u00a0 \u00a0 \u00a0 \u00a0 \u00a0 \u00a0 \u00a0 \u00a0 \u00a0 \u00a0 \u00a0 \u00a0 \u00a0 \u00a0 \u00a0 \u00a0 \u00a0 \u00a0 \u00a0 \u00a0 \u00a0 \u00a0 \u00a0 \u00a0 \u00a0 \u00a0 \u00a0 \u00a0 \u00a0Velovi Modre rijeke<\/span><\/p>\n<p><img loading=\"lazy\" decoding=\"async\" class=\"alignnone wp-image-2353\" src=\"http:\/\/bosnazemljabozijemilosti.ba\/wp-content\/uploads\/2015\/11\/Ulica-prkosa-300x298.jpg\" alt=\"Ulica prkosa\" width=\"325\" height=\"323\" srcset=\"https:\/\/bosnazemljabozijemilosti.ba\/wp-content\/uploads\/2015\/11\/Ulica-prkosa-300x298.jpg 300w, https:\/\/bosnazemljabozijemilosti.ba\/wp-content\/uploads\/2015\/11\/Ulica-prkosa-150x150.jpg 150w, https:\/\/bosnazemljabozijemilosti.ba\/wp-content\/uploads\/2015\/11\/Ulica-prkosa-151x150.jpg 151w, https:\/\/bosnazemljabozijemilosti.ba\/wp-content\/uploads\/2015\/11\/Ulica-prkosa.jpg 580w\" sizes=\"auto, (max-width: 325px) 100vw, 325px\" \/> \u00a0 <a href=\"http:\/\/bosnazemljabozijemilosti.ba\/wp-content\/uploads\/2015\/11\/Zadivljuju\u0107a-Milost.jpg\"><img loading=\"lazy\" decoding=\"async\" class=\"alignnone wp-image-2689\" src=\"http:\/\/bosnazemljabozijemilosti.ba\/wp-content\/uploads\/2015\/11\/Zadivljuju\u0107a-Milost-292x300.jpg\" alt=\"Zadivljuju\u0107a Milost\" width=\"305\" height=\"313\" srcset=\"https:\/\/bosnazemljabozijemilosti.ba\/wp-content\/uploads\/2015\/11\/Zadivljuju\u0107a-Milost-292x300.jpg 292w, https:\/\/bosnazemljabozijemilosti.ba\/wp-content\/uploads\/2015\/11\/Zadivljuju\u0107a-Milost-146x150.jpg 146w, https:\/\/bosnazemljabozijemilosti.ba\/wp-content\/uploads\/2015\/11\/Zadivljuju\u0107a-Milost.jpg 565w\" sizes=\"auto, (max-width: 305px) 100vw, 305px\" \/><\/a><\/p>\n<p><span style=\"color: #000000;\">Obezglavljeni iz ulice prkosa \u00a0 \u00a0 \u00a0 \u00a0 \u00a0 \u00a0 \u00a0 \u00a0 \u00a0 \u00a0 \u00a0 \u00a0 \u00a0 \u00a0 \u00a0 \u00a0 \u00a0 \u00a0 \u00a0 \u00a0 \u00a0 \u00a0 \u00a0 \u00a0 \u00a0 Zadivljuju\u0107a Milost<\/span><\/p>\n","protected":false},"excerpt":{"rendered":"<p>Autor Hajro \u0160abanad\u017eovi\u0107 \u00a0 \u00a0 \u00a0 \u00a0 Crno bijeli svijet \u00a0 \u00a0 \u00a0 \u00a0 \u00a0 \u00a0 \u00a0 \u00a0 \u00a0 \u00a0 \u00a0 \u00a0 \u00a0 \u00a0 \u00a0 \u00a0 \u00a0 \u00a0 \u00a0 \u00a0 \u00a0 \u00a0 \u00a0 \u00a0 \u00a0 \u00a0 \u00a0 No\u0107 punog mjeseca \u00a0 \u00a0 Trofej \u00a0 \u00a0 \u00a0 \u00a0 \u00a0 \u00a0 \u00a0\u2026 <a class=\"continue-reading-link\" href=\"https:\/\/bosnazemljabozijemilosti.ba\/?p=3073\">Pro\u010ditajte vi\u0161e&#8230;<\/a><\/p>\n","protected":false},"author":1,"featured_media":0,"comment_status":"open","ping_status":"closed","sticky":false,"template":"","format":"standard","meta":{"footnotes":""},"categories":[37,33],"tags":[],"class_list":["post-3073","post","type-post","status-publish","format-standard","hentry","category-galerija-u-15-o3","category-galerije"],"_links":{"self":[{"href":"https:\/\/bosnazemljabozijemilosti.ba\/index.php?rest_route=\/wp\/v2\/posts\/3073","targetHints":{"allow":["GET"]}}],"collection":[{"href":"https:\/\/bosnazemljabozijemilosti.ba\/index.php?rest_route=\/wp\/v2\/posts"}],"about":[{"href":"https:\/\/bosnazemljabozijemilosti.ba\/index.php?rest_route=\/wp\/v2\/types\/post"}],"author":[{"embeddable":true,"href":"https:\/\/bosnazemljabozijemilosti.ba\/index.php?rest_route=\/wp\/v2\/users\/1"}],"replies":[{"embeddable":true,"href":"https:\/\/bosnazemljabozijemilosti.ba\/index.php?rest_route=%2Fwp%2Fv2%2Fcomments&post=3073"}],"version-history":[{"count":7,"href":"https:\/\/bosnazemljabozijemilosti.ba\/index.php?rest_route=\/wp\/v2\/posts\/3073\/revisions"}],"predecessor-version":[{"id":89860,"href":"https:\/\/bosnazemljabozijemilosti.ba\/index.php?rest_route=\/wp\/v2\/posts\/3073\/revisions\/89860"}],"wp:attachment":[{"href":"https:\/\/bosnazemljabozijemilosti.ba\/index.php?rest_route=%2Fwp%2Fv2%2Fmedia&parent=3073"}],"wp:term":[{"taxonomy":"category","embeddable":true,"href":"https:\/\/bosnazemljabozijemilosti.ba\/index.php?rest_route=%2Fwp%2Fv2%2Fcategories&post=3073"},{"taxonomy":"post_tag","embeddable":true,"href":"https:\/\/bosnazemljabozijemilosti.ba\/index.php?rest_route=%2Fwp%2Fv2%2Ftags&post=3073"}],"curies":[{"name":"wp","href":"https:\/\/api.w.org\/{rel}","templated":true}]}}