{"id":2968,"date":"2015-09-04T23:10:52","date_gmt":"2015-09-04T21:10:52","guid":{"rendered":"http:\/\/bosnazemljabozijemilosti.ba\/?p=2968"},"modified":"2023-04-13T03:58:45","modified_gmt":"2023-04-13T01:58:45","slug":"optuzbe-2","status":"publish","type":"post","link":"https:\/\/bosnazemljabozijemilosti.ba\/?p=2968","title":{"rendered":"O Vatikanu &#8211; Optu\u017ebe i istina"},"content":{"rendered":"<p>Zamjeraju nam da govorimo o Vatikanu u negativnom kontekstu.<\/p>\n<p>Dobro, ve\u010deras \u0107emo ih poslu\u0161ati i mi ne\u0107emo govoriti o Vatikanu.<\/p>\n<p>Nije valjda da se bojimo da \u0107emo pro\u0107i kao Drajfus.<\/p>\n<p>Pusti\u0107emo da oni sami o sebi ili neko drugi o njima govori.<\/p>\n<p>Mo\u017eda bi u slu\u010daju kada drugi govore adekvatniji naslov pisanije bio:<\/p>\n<p>Optu\u017eujem<\/p>\n<p>Tako \u0107e se vidjeti da li na\u0161e pri\u010de istinu govore.<\/p>\n<p>Nedelja 11. rujan (spetembar) 1994. \u2013 Zageb &#8211; Hipodrom.<\/p>\n<p>Papa Jovan Pavao II, sve\u010dano obilje\u017eavaju\u010di posjetu Hrvatskoj svojom misom,podugo glorifikuje i medenim usnama na sav mah daje odu ratnom zlo\u010dincu Alojzu Stepincu.<\/p>\n<p>To je zlotvor koji je bio glavni kr\u0161\u0107anski duhovni vo\u0111a usta\u0161ke genocidne tvorevine Nezavisne dr\u017eave Hrvatske.<\/p>\n<p>To je ona kolja\u010dka tvorevina koja je samo u Jesenicama pobila 700.000 Jevreja, Roma, Srba, Muslimana i ostalih nepodobnih pripadnika drugih naroda. Veliko broj ubijenih su bili Hrvati koji se nisu slagali sa tom politikom.<\/p>\n<p>Citiramo (TV Channels Online):<\/p>\n<p>Na dana\u0161nji dan, 3. listopada 1998. godine, papa sv. Ivan Pavao II u Mariji Bistrici, proglasio je bla\u017eenim zagreba\u010dkog kardinala, slugu Bo\u017ejega, Alojzija Stepinca.<\/p>\n<p>\u201eMi, udovoljavaju\u0107i \u017eelji Na\u0161ega brata zagreba\u010dkog nadbiskupa Josipa Bozani\u0107a te brojne druge bra\u0107e u biskupstvu i mnogih vjernika, po\u0161to smo razmotrili mi\u0161ljenje Zbora za progla\u0161enje svetih, Na\u0161om apostolskom vla\u0161\u0107u dopu\u0161tamo da se sluga Bo\u017eji Alojzije Stepinac odsada naziva bla\u017eenim i da se svake godine na dan njegova ro\u0111enja za nebo, desetoga velja\u010de, mo\u017ee slaviti njegov spomendan na mjestima i na na\u010din kako je to odre\u0111eno kanonskim propisima. U ime Oca i Sina i Duha Svetoga.\u201c Amen.<\/p>\n<p>Papa je Alojza Stepinca proglasio svecem. Tako to pape rade. Krvnike progla\u0161avaju svecima. I pedere. I silovatelje djece.To je \u010disto Bogohuljenje. Ni\u0161ta novo za bludnicu ispod sedam bregova.<\/p>\n<p>Ka\u017eu Stepinac se branio da on nije nikoga ubio.<\/p>\n<p>Ni Hitler ni Paveli\u0107,ni Tu\u0111man ni \u010cosi\u0107 ili SANU , papa Ivan Pavlica nisu nikoga ubili,niti mnoge pape.Za papu Bor\u0111iju je dokazano da je silovao, ubijao, trovao i klao.<\/p>\n<p>Me\u0111utim to ne zna\u010di da nisu genocidni kolja\u010di.<\/p>\n<p>Vra\u0107amo se na hipodrom gdje papisa Ivan Pavle II juri\u0161a:<\/p>\n<p>&#8220;Nostalgijom leti u vrijeme kada su u ovim krajevima svi vjernici bili u punom zajedni\u0161tvu. Vjera mora ponovo postati snaga koja ujedinjuje i daje dobre plodove poput rijeka koje proti\u010du ovim krajevima.Kao Sava,koja izvire u Sloveniji,protje\u010de va\u0161om domovinom a u Srbiji utje\u010de u Dunav.<\/p>\n<p>Te dvije rijeke se susre\u0107u kao \u0161to su i pozvani narodi koje ona povezuje&#8230; &#8221;<\/p>\n<p>Papa Ivan Pavle II poslije hvastanja krvnika izme\u0111u ostalog,ovo poru\u010duje masama vjernika (ka\u017eu bilo je milion vjernika).<\/p>\n<p>Pomenu Ivan\u010dica Pavao II sve koje Sava povezuje, normalno : \u00a0osim Bosne.<\/p>\n<p>Ali vjernici iz Bosne i Djedove hi\u017ee nikad nisu bili u zajedni\u0161tvu sa Vatikanom ve\u0107 su ga prokleli. Zbog toga su svako malo dobijali krsta\u0161ke ratove,klanja ipusto\u0161enja.<\/p>\n<p>Papa Ivan pavle II to zna. Zna i da je rat u Bosni 1992. &#8211; 1995. bio tek poslijednji u nizu krsta\u0161kih ratova protiv Bosne , zemlje Bo\u017eje milosti.<\/p>\n<p>Dakle za tog papu Bosna ne postoji.<\/p>\n<p>Dali dolikuje nekoj bla\u017eenosti, negirati postojanje jedne prizante zemlje.<\/p>\n<p>I onda , vi \u0107e te nam ra\u0107i da \u00a0imamo respekta prema papi koji negira na\u0161e postojanje.<\/p>\n<p>Onaj ko to \u010dini mora da je lud. Mi jo\u0161 uvijek nemamo to \u010dage. \u00a0A nisi lud dok ti to ne doka\u017eu. Nisu ovo vremena kada te zatvore i ti treba\u0161 da dokazuje\u0161 da nisi lud.<\/p>\n<p>Tko zna, sve se mo\u017ee.<\/p>\n<p>Ka\u017eu ne volimo Vatikan. Ovaj put ne\u0107emo o peder\u010dini Mikelan\u0111elu koji se namrgo\u0111eno smje\u0161ka papama svakog jutra sa svoda Sikstinske kapele. Poru\u010duje im da ne skre\u0107u sa njegovog puta i prstima se mazi sa jednim od svojih mnogobrojnih ljubavnikom. Tipi\u010dno pederski.<\/p>\n<p>Ne\u0107emo o tome,to smo mi prvi javno zamijetili.<\/p>\n<p>Vatikan se tek 1965. posebnom bulom oglasio da je ropstvo neprimjerno i ne dolikuje dvadesetom vijeku.<\/p>\n<p>Vrlo blijedo i sramotno od sile sa dna sedam brijegova, &#8220;gospodara orbis et urbis&#8221;.<\/p>\n<p>Ne naredi\u0161e da se ukine niti osudi\u0161e ono \u0161to je Isus Hrist s po\u010detka nove ere najo\u0161trije \u017eigosao i proganjao.<\/p>\n<p>Neprimjerno ropstvo ne zna\u010di i ukinito ropstvo ili barem osu\u0111uju\u0107e.<\/p>\n<p>Mnogo toga se u Vatikanu radi \u0161to ne dolikuje pa to ne ukidaju.<\/p>\n<p>Vatikan i njegove crkve svaki dan potresaju nedoli\u010dne,umobolne , bogohulne,\u010dak i kriminalne radnje i optu\u017ebe pa to niko ne zabranjuje.<\/p>\n<p>Kad bi se sabralo od nastanka Vatikana do Bosne 1995. godine, \u00a0brojke bi nadma\u0161ile sve ostale kriminalne, zlo\u010dina\u010dke radnje svijeta.<\/p>\n<p>U ovo ne uklju\u010dujemo silovanu i masakriranu nevinost,to zaslu\u017euje poseban osvrt.<\/p>\n<p>Ovo svakodnevno dan za danom \u010ditate u novinama i niko ne mari ili to zabranjuje. U\u0161le te radnje ljudima u krv i u gene. \u010covjek jednostavno ogugla.<\/p>\n<p>Ne dolikuje ( ropstvo) ne zna\u010di i zabraniti ga.<\/p>\n<p>Ako ropstvo ne dolikuje dvadesetom vijeku onda papska \/ Vatikanska bula upu\u0107uje da je dolikovalo 19. i svim ranijim vijekovima.<\/p>\n<p>Nemojte nam molim vas govoriti o nekim konstrukcijama ili nam bilo kakvim asocijacima implicirati govor mr\u017enje. To nije po\u0161teno, mi samo tuma\u010dimo ono \u0161to je re\u010deno i objavljeno.<\/p>\n<p>Hiller pomete, desetke milione puta pogubi ljudskost i mnogo vi\u0161e \u017eivota. Minut prije smrti se pomoli Isusu i sve mu biva opro\u0161teno. Tako nas u\u010de Savle.<\/p>\n<p>Ajte molim vas, nije nego.<\/p>\n<p>\u0160e\u0161elj 2oo5 ka\u017ee, \u00a0a google objavljuje:<\/p>\n<p>&#8220;Mo\u017eete vi mene optu\u017eiti za sve zlo\u010dine koji su po\u010dinjeni u biv\u0161oj Jugoslaviji, ja \u0107u se odbraniti i dokazati da je za sve kriv papa Ivan Pavao II.&#8221;<\/p>\n<p>I odbranio se; pustili ga na slobodu da svoje genocidne \u0107enifarije i dalje bljuje po bijeloj selendri i okolnom pa\u0161aluku.<br \/>\nNejvjerovatnije dogovor pao: Nemoj ni\u0161ta o u\u0107e\u0161\u0107u mentora u klaoni\u010dkom piru usta\u0161a i \u010detnika, mi tebe pu\u0161tamo na slobodu, dok ne crkne\u0161.<\/p>\n<p>Jedan od najve\u0107ih balkanskih krvnika se ve\u0107 skoro godinu dana slobodno \u0161e\u0107e, a Vatikan ni jedne rije\u010di da progovori.<\/p>\n<p>Oni nas pozivaju na toleranciju.<\/p>\n<p>Hajte molim vas. O kakvoj toleranciji je rije\u010d?<\/p>\n<p>Tolerisati zlo da popuje nevinoj \u017ertvi.<\/p>\n<p>Za kraj smo ostavili nekoliko poetskih bisera:<\/p>\n<p>&#8220;- Crkva ima mnogo manje veze sa bogom nego priroda i \u0161to je starija sve manje. (str.166)<\/p>\n<p>&#8211; \u010citavo u\u010denje crkve je leganda i praznovjerje. Da bi vjerovao (tom u\u010denju \u2013op.a) \u010dovjek treba da bude priprost kao najve\u0107a neznalica. Da bi vjerovao \u010dovjek treba da bude glup i prepla\u0161en.(str.175)<\/p>\n<p>&#8211; Crkva stvara svece u vrijeme kad su joj potrebni i tamo gdje su joj potrebni. Nije to ne\u0161to \u0161to zavisi od Bo\u017eanske Volje. To je geografija i politika. (str.178.)<\/p>\n<p>-Crkva je zamu\u010divala, ubla\u017eavala i iskrivljivala u\u010denje Isusovo. Sahranila je njegovo u\u010denje pod \u010ditavu planinu deklamacija, teologija i praznovjerja. Da bi bila mo\u0107nija ubijala je vatrom mukama, uvijek tobo\u017ee u ime Bo\u017eijeg, a u stvari da uve\u0107e svoju mo\u0107 i bogatstvo ,i da iskorjeni svoje neprijatelje.Crkva je jedna od poznatih svjetskih kriminalaca.(str.175).&#8221;<\/p>\n<p>Ovo nisu na\u0161e rije\u010di,ve\u010d rije\u010di Luisa Bromfilda poznatog pisca iz njegove : \u010cudni slu\u010daj Mis Ani Spreg. \/Mali roman \u2013 Budu\u0107nost N.Sad 1957 g.\/<\/p>\n<p>Nismo htjeli uplitati neka njegova druga razmi\u0161ljanja o crkvi. Zbog ovakvih razmi\u0161ljanja je najvjerovatnije dobio samo Pulitzerovu nagradu. Nobel mu je onemogi\u0107en iako je bio \u00a0bolji literat od 90% nagra\u0111enih.<\/p>\n<p>Za kraj \u0107emo samo primjetiti da Isusa na svojim zdanjima, kojih se Nebo odreklo, \u00a0\u010desto predstavljaju kao Heliosa koji vozi nebeske ko\u010dije.<\/p>\n<p>Nikome u Vatikanu ne smeta \u0161to je Isus predstavljen kao paganski bog koji \u0107era konje.<\/p>\n<p>&#8220;Ve\u0107 je sjekira polo\u017eena na korijen stablima; svako se dakle stablo koje ne ra\u0111a dobra ploda sije\u010de i u oganj baca.&#8221; ( Isusove rije\u010di\/Matej 3.10.).<\/p>\n<p>Vi \u0107ete se zapitati \u0161ta je \u010dasni drvodelja htio ovim re\u0107i.<\/p>\n<p>Mnogo toga, vi\u0161eslojna je to poruka i opomena.<\/p>\n<p>Mi \u0107emo vas zapitati da li su pape ra\u0111ali. Samo Papisa Ivana koliko mi znamo. I ona kri\u0161om. A imali su mnogobrojnu &#8220;nezakonitu djecu&#8221;. Sam Bor\u0111ija je imao devetoro, a silovao i \u00a0obljubio najmiliju trinaestogodi\u0161nju k\u0107erkicu.<\/p>\n<p>Blud i razvrat Vatikanski u sodomitskom pravcu su najavili i rje\u010dju i djelom utemeljiva\u010di hri\u0161\u0107anstva jevan\u0111elista Ivan\u010dica \u00a0apokalipti\u010dar i \u00a0Savle konvertit biseksualac.<\/p>\n<p>Ni \u0161ta od ovoga nisu na\u0161e rije\u010di . Mi ih samo prenosimo. I vi nama zamjerate \u0161to ih slikamo bojama \u010dije su nijanse na istom nivou kao navedene?<\/p>\n<p>Nije fer ili \u0161to bi reko mali kalimero:<\/p>\n<p>-Nepravda , e pa to ti je.<\/p>\n<p>A Ivan , \u0161to ga prozvaste Krstiteljem sedam vijekova prije nogo je crkva taj obi\u010daj unijela u svoje kanone, bi rekao.<\/p>\n<p>-Vapaj usamljenog u pustinji mraka.<\/p>\n","protected":false},"excerpt":{"rendered":"<p>Zamjeraju nam da govorimo o Vatikanu u negativnom kontekstu. Dobro, ve\u010deras \u0107emo ih poslu\u0161ati i mi ne\u0107emo govoriti o Vatikanu. Nije valjda da se bojimo da \u0107emo pro\u0107i kao Drajfus. Pusti\u0107emo da oni sami o sebi ili neko drugi o njima govori. Mo\u017eda bi u slu\u010daju kada drugi govore adekvatniji\u2026 <a class=\"continue-reading-link\" href=\"https:\/\/bosnazemljabozijemilosti.ba\/?p=2968\">Pro\u010ditajte vi\u0161e&#8230;<\/a><\/p>\n","protected":false},"author":1,"featured_media":0,"comment_status":"open","ping_status":"closed","sticky":false,"template":"","format":"standard","meta":{"footnotes":""},"categories":[2,18],"tags":[],"class_list":["post-2968","post","type-post","status-publish","format-standard","hentry","category-komentari","category-novosti"],"_links":{"self":[{"href":"https:\/\/bosnazemljabozijemilosti.ba\/index.php?rest_route=\/wp\/v2\/posts\/2968","targetHints":{"allow":["GET"]}}],"collection":[{"href":"https:\/\/bosnazemljabozijemilosti.ba\/index.php?rest_route=\/wp\/v2\/posts"}],"about":[{"href":"https:\/\/bosnazemljabozijemilosti.ba\/index.php?rest_route=\/wp\/v2\/types\/post"}],"author":[{"embeddable":true,"href":"https:\/\/bosnazemljabozijemilosti.ba\/index.php?rest_route=\/wp\/v2\/users\/1"}],"replies":[{"embeddable":true,"href":"https:\/\/bosnazemljabozijemilosti.ba\/index.php?rest_route=%2Fwp%2Fv2%2Fcomments&post=2968"}],"version-history":[{"count":7,"href":"https:\/\/bosnazemljabozijemilosti.ba\/index.php?rest_route=\/wp\/v2\/posts\/2968\/revisions"}],"predecessor-version":[{"id":89381,"href":"https:\/\/bosnazemljabozijemilosti.ba\/index.php?rest_route=\/wp\/v2\/posts\/2968\/revisions\/89381"}],"wp:attachment":[{"href":"https:\/\/bosnazemljabozijemilosti.ba\/index.php?rest_route=%2Fwp%2Fv2%2Fmedia&parent=2968"}],"wp:term":[{"taxonomy":"category","embeddable":true,"href":"https:\/\/bosnazemljabozijemilosti.ba\/index.php?rest_route=%2Fwp%2Fv2%2Fcategories&post=2968"},{"taxonomy":"post_tag","embeddable":true,"href":"https:\/\/bosnazemljabozijemilosti.ba\/index.php?rest_route=%2Fwp%2Fv2%2Ftags&post=2968"}],"curies":[{"name":"wp","href":"https:\/\/api.w.org\/{rel}","templated":true}]}}