{"id":24899,"date":"2025-12-25T08:29:00","date_gmt":"2025-12-25T07:29:00","guid":{"rendered":"http:\/\/bosnazemljabozijemilosti.ba\/?p=24899"},"modified":"2025-12-25T11:46:34","modified_gmt":"2025-12-25T10:46:34","slug":"bosna-zemlja-bozije-milosti-galerija-u-08-29-47","status":"publish","type":"post","link":"https:\/\/bosnazemljabozijemilosti.ba\/?p=24899","title":{"rendered":"Bosna zemlja Bo\u017eije milosti    &#8211;  Galerija u 08 29"},"content":{"rendered":"\n<p>Autor<\/p>\n\n\n\n<p>Hajro \u0160abanad\u017eovi\u0107<\/p>\n\n\n<p><a href=\"http:\/\/bosnazemljabozijemilosti.ba\/wp-content\/uploads\/2016\/10\/Jesenje-\u010dari.jpg\"><img loading=\"lazy\" decoding=\"async\" class=\"alignnone wp-image-24855\" src=\"http:\/\/bosnazemljabozijemilosti.ba\/wp-content\/uploads\/2016\/10\/Jesenje-\u010dari-300x204.jpg\" alt=\"jesenje-cari\" width=\"354\" height=\"241\" srcset=\"https:\/\/bosnazemljabozijemilosti.ba\/wp-content\/uploads\/2016\/10\/Jesenje-\u010dari-300x204.jpg 300w, https:\/\/bosnazemljabozijemilosti.ba\/wp-content\/uploads\/2016\/10\/Jesenje-\u010dari-768x523.jpg 768w, https:\/\/bosnazemljabozijemilosti.ba\/wp-content\/uploads\/2016\/10\/Jesenje-\u010dari-220x150.jpg 220w, https:\/\/bosnazemljabozijemilosti.ba\/wp-content\/uploads\/2016\/10\/Jesenje-\u010dari-150x102.jpg 150w, https:\/\/bosnazemljabozijemilosti.ba\/wp-content\/uploads\/2016\/10\/Jesenje-\u010dari.jpg 800w\" sizes=\"auto, (max-width: 354px) 100vw, 354px\" \/><\/a>\u00a0\u00a0<a href=\"http:\/\/bosnazemljabozijemilosti.ba\/wp-content\/uploads\/2016\/10\/Pli\u0161ano-obzorje.jpg\"><img loading=\"lazy\" decoding=\"async\" class=\"alignnone wp-image-24829\" src=\"http:\/\/bosnazemljabozijemilosti.ba\/wp-content\/uploads\/2016\/10\/Pli\u0161ano-obzorje-300x212.jpg\" alt=\"plisano-obzorje\" width=\"320\" height=\"226\" srcset=\"https:\/\/bosnazemljabozijemilosti.ba\/wp-content\/uploads\/2016\/10\/Pli\u0161ano-obzorje-300x212.jpg 300w, https:\/\/bosnazemljabozijemilosti.ba\/wp-content\/uploads\/2016\/10\/Pli\u0161ano-obzorje-768x543.jpg 768w, https:\/\/bosnazemljabozijemilosti.ba\/wp-content\/uploads\/2016\/10\/Pli\u0161ano-obzorje-212x150.jpg 212w, https:\/\/bosnazemljabozijemilosti.ba\/wp-content\/uploads\/2016\/10\/Pli\u0161ano-obzorje-150x106.jpg 150w, https:\/\/bosnazemljabozijemilosti.ba\/wp-content\/uploads\/2016\/10\/Pli\u0161ano-obzorje.jpg 800w\" sizes=\"auto, (max-width: 320px) 100vw, 320px\" \/><\/a><\/p>\n<p>Jesenje \u010dari \u00a0 \u00a0 \u00a0 \u00a0 \u00a0 \u00a0 \u00a0 \u00a0 \u00a0 \u00a0 \u00a0 \u00a0 \u00a0 \u00a0 \u00a0 \u00a0 \u00a0 \u00a0 \u00a0 \u00a0 \u00a0 \u00a0 \u00a0 \u00a0 \u00a0 \u00a0 \u00a0 \u00a0 \u00a0 \u00a0 \u00a0 \u00a0 \u00a0 \u00a0 \u00a0 \u00a0 \u00a0 \u00a0 \u00a0 \u00a0 \u00a0 Pli\u0161ano obzorje<\/p>\n<p><a href=\"http:\/\/bosnazemljabozijemilosti.ba\/wp-content\/uploads\/2016\/10\/Neodoljiva-rasko\u0161-\u0111ardina.jpg\"><img loading=\"lazy\" decoding=\"async\" class=\"alignnone wp-image-24831\" src=\"http:\/\/bosnazemljabozijemilosti.ba\/wp-content\/uploads\/2016\/10\/Neodoljiva-rasko\u0161-\u0111ardina-300x211.jpg\" alt=\"neodoljiva-raskos-dardina\" width=\"337\" height=\"237\" srcset=\"https:\/\/bosnazemljabozijemilosti.ba\/wp-content\/uploads\/2016\/10\/Neodoljiva-rasko\u0161-\u0111ardina-300x211.jpg 300w, https:\/\/bosnazemljabozijemilosti.ba\/wp-content\/uploads\/2016\/10\/Neodoljiva-rasko\u0161-\u0111ardina-768x540.jpg 768w, https:\/\/bosnazemljabozijemilosti.ba\/wp-content\/uploads\/2016\/10\/Neodoljiva-rasko\u0161-\u0111ardina-213x150.jpg 213w, https:\/\/bosnazemljabozijemilosti.ba\/wp-content\/uploads\/2016\/10\/Neodoljiva-rasko\u0161-\u0111ardina-150x106.jpg 150w, https:\/\/bosnazemljabozijemilosti.ba\/wp-content\/uploads\/2016\/10\/Neodoljiva-rasko\u0161-\u0111ardina.jpg 800w\" sizes=\"auto, (max-width: 337px) 100vw, 337px\" \/><\/a>\u00a0\u00a0<a href=\"http:\/\/bosnazemljabozijemilosti.ba\/wp-content\/uploads\/2016\/10\/Pahuljasto-ljeto.jpg\"><img loading=\"lazy\" decoding=\"async\" class=\"alignnone wp-image-24837\" src=\"http:\/\/bosnazemljabozijemilosti.ba\/wp-content\/uploads\/2016\/10\/Pahuljasto-ljeto-300x210.jpg\" alt=\"pahuljasto-ljeto\" width=\"314\" height=\"220\" srcset=\"https:\/\/bosnazemljabozijemilosti.ba\/wp-content\/uploads\/2016\/10\/Pahuljasto-ljeto-300x210.jpg 300w, https:\/\/bosnazemljabozijemilosti.ba\/wp-content\/uploads\/2016\/10\/Pahuljasto-ljeto-768x539.jpg 768w, https:\/\/bosnazemljabozijemilosti.ba\/wp-content\/uploads\/2016\/10\/Pahuljasto-ljeto-214x150.jpg 214w, https:\/\/bosnazemljabozijemilosti.ba\/wp-content\/uploads\/2016\/10\/Pahuljasto-ljeto-150x105.jpg 150w, https:\/\/bosnazemljabozijemilosti.ba\/wp-content\/uploads\/2016\/10\/Pahuljasto-ljeto.jpg 800w\" sizes=\"auto, (max-width: 314px) 100vw, 314px\" \/><\/a><\/p>\n<p>Neodoljibva rasko\u0161 \u0111ardina \u00a0 \u00a0 \u00a0 \u00a0 \u00a0 \u00a0 \u00a0 \u00a0 \u00a0 \u00a0 \u00a0 \u00a0 \u00a0 \u00a0 \u00a0 \u00a0 \u00a0 \u00a0 \u00a0 \u00a0 \u00a0 \u00a0 \u00a0 \u00a0 \u00a0 \u00a0 \u00a0 \u00a0 \u00a0 \u00a0Pahuljasto ljeto<\/p>\n<p><a href=\"http:\/\/bosnazemljabozijemilosti.ba\/wp-content\/uploads\/2016\/10\/Raznje\u017eeno-srce.jpg\"><img loading=\"lazy\" decoding=\"async\" class=\"alignnone wp-image-24841\" src=\"http:\/\/bosnazemljabozijemilosti.ba\/wp-content\/uploads\/2016\/10\/Raznje\u017eeno-srce-300x209.jpg\" alt=\"raznjezeno-srce\" width=\"369\" height=\"257\" srcset=\"https:\/\/bosnazemljabozijemilosti.ba\/wp-content\/uploads\/2016\/10\/Raznje\u017eeno-srce-300x209.jpg 300w, https:\/\/bosnazemljabozijemilosti.ba\/wp-content\/uploads\/2016\/10\/Raznje\u017eeno-srce-768x534.jpg 768w, https:\/\/bosnazemljabozijemilosti.ba\/wp-content\/uploads\/2016\/10\/Raznje\u017eeno-srce-216x150.jpg 216w, https:\/\/bosnazemljabozijemilosti.ba\/wp-content\/uploads\/2016\/10\/Raznje\u017eeno-srce-150x104.jpg 150w, https:\/\/bosnazemljabozijemilosti.ba\/wp-content\/uploads\/2016\/10\/Raznje\u017eeno-srce.jpg 800w\" sizes=\"auto, (max-width: 369px) 100vw, 369px\" \/><\/a>\u00a0\u00a0<a href=\"http:\/\/bosnazemljabozijemilosti.ba\/wp-content\/uploads\/2016\/09\/Nje\u017eno-i-lelujavo.jpg\"><img loading=\"lazy\" decoding=\"async\" class=\"alignnone wp-image-24773\" src=\"http:\/\/bosnazemljabozijemilosti.ba\/wp-content\/uploads\/2016\/09\/Nje\u017eno-i-lelujavo-191x300.jpg\" alt=\"njezno-i-lelujavo\" width=\"285\" height=\"448\" srcset=\"https:\/\/bosnazemljabozijemilosti.ba\/wp-content\/uploads\/2016\/09\/Nje\u017eno-i-lelujavo-191x300.jpg 191w, https:\/\/bosnazemljabozijemilosti.ba\/wp-content\/uploads\/2016\/09\/Nje\u017eno-i-lelujavo-95x150.jpg 95w, https:\/\/bosnazemljabozijemilosti.ba\/wp-content\/uploads\/2016\/09\/Nje\u017eno-i-lelujavo.jpg 585w\" sizes=\"auto, (max-width: 285px) 100vw, 285px\" \/><\/a><\/p>\n<p>Raznje\u017eeno srce \u00a0 \u00a0 \u00a0 \u00a0 \u00a0 \u00a0 \u00a0 \u00a0 \u00a0 \u00a0 \u00a0 \u00a0 \u00a0 \u00a0 \u00a0 \u00a0 \u00a0 \u00a0 \u00a0 \u00a0 \u00a0 \u00a0 \u00a0 \u00a0 \u00a0 \u00a0 \u00a0 \u00a0 \u00a0 \u00a0 \u00a0 \u00a0 \u00a0 \u00a0 \u00a0 \u00a0 \u00a0 \u00a0Nje\u017eno i lelujavo<\/p>\n<p><a href=\"http:\/\/bosnazemljabozijemilosti.ba\/wp-content\/uploads\/2016\/09\/Plavetni-sni.jpg\"><img loading=\"lazy\" decoding=\"async\" class=\"alignnone wp-image-24760\" src=\"http:\/\/bosnazemljabozijemilosti.ba\/wp-content\/uploads\/2016\/09\/Plavetni-sni-300x211.jpg\" alt=\"plavetni-sni\" width=\"330\" height=\"232\" srcset=\"https:\/\/bosnazemljabozijemilosti.ba\/wp-content\/uploads\/2016\/09\/Plavetni-sni-300x211.jpg 300w, https:\/\/bosnazemljabozijemilosti.ba\/wp-content\/uploads\/2016\/09\/Plavetni-sni-768x540.jpg 768w, https:\/\/bosnazemljabozijemilosti.ba\/wp-content\/uploads\/2016\/09\/Plavetni-sni-213x150.jpg 213w, https:\/\/bosnazemljabozijemilosti.ba\/wp-content\/uploads\/2016\/09\/Plavetni-sni-150x106.jpg 150w, https:\/\/bosnazemljabozijemilosti.ba\/wp-content\/uploads\/2016\/09\/Plavetni-sni.jpg 800w\" sizes=\"auto, (max-width: 330px) 100vw, 330px\" \/><\/a>\u00a0\u00a0<a href=\"http:\/\/bosnazemljabozijemilosti.ba\/wp-content\/uploads\/2016\/09\/Jesenja-uzbibanost.jpg\"><img loading=\"lazy\" decoding=\"async\" class=\"alignnone wp-image-24705\" src=\"http:\/\/bosnazemljabozijemilosti.ba\/wp-content\/uploads\/2016\/09\/Jesenja-uzbibanost-300x211.jpg\" alt=\"jesenja-uzbibanost\" width=\"313\" height=\"220\" srcset=\"https:\/\/bosnazemljabozijemilosti.ba\/wp-content\/uploads\/2016\/09\/Jesenja-uzbibanost-300x211.jpg 300w, https:\/\/bosnazemljabozijemilosti.ba\/wp-content\/uploads\/2016\/09\/Jesenja-uzbibanost-768x540.jpg 768w, https:\/\/bosnazemljabozijemilosti.ba\/wp-content\/uploads\/2016\/09\/Jesenja-uzbibanost-213x150.jpg 213w, https:\/\/bosnazemljabozijemilosti.ba\/wp-content\/uploads\/2016\/09\/Jesenja-uzbibanost-150x106.jpg 150w, https:\/\/bosnazemljabozijemilosti.ba\/wp-content\/uploads\/2016\/09\/Jesenja-uzbibanost.jpg 800w\" sizes=\"auto, (max-width: 313px) 100vw, 313px\" \/><\/a><\/p>\n<p>Plavetni sni \u00a0 \u00a0 \u00a0 \u00a0 \u00a0 \u00a0 \u00a0 \u00a0 \u00a0 \u00a0 \u00a0 \u00a0 \u00a0 \u00a0 \u00a0 \u00a0 \u00a0 \u00a0 \u00a0 \u00a0 \u00a0 \u00a0 \u00a0 \u00a0 \u00a0 \u00a0 \u00a0 \u00a0 \u00a0 \u00a0 \u00a0 \u00a0 \u00a0 \u00a0 \u00a0 \u00a0 \u00a0 \u00a0Jesenja uzbibanost<\/p>\n<p><a href=\"http:\/\/bosnazemljabozijemilosti.ba\/wp-content\/uploads\/2016\/09\/Nesalomljiva-Krhka-ru\u017ea.jpg\"><img loading=\"lazy\" decoding=\"async\" class=\"alignnone wp-image-24589\" src=\"http:\/\/bosnazemljabozijemilosti.ba\/wp-content\/uploads\/2016\/09\/Nesalomljiva-Krhka-ru\u017ea-213x300.jpg\" alt=\"nesalomljiva-krhka-ruza\" width=\"305\" height=\"430\" srcset=\"https:\/\/bosnazemljabozijemilosti.ba\/wp-content\/uploads\/2016\/09\/Nesalomljiva-Krhka-ru\u017ea-213x300.jpg 213w, https:\/\/bosnazemljabozijemilosti.ba\/wp-content\/uploads\/2016\/09\/Nesalomljiva-Krhka-ru\u017ea-107x150.jpg 107w, https:\/\/bosnazemljabozijemilosti.ba\/wp-content\/uploads\/2016\/09\/Nesalomljiva-Krhka-ru\u017ea.jpg 568w\" sizes=\"auto, (max-width: 305px) 100vw, 305px\" \/><\/a>\u00a0 \u00a0<a href=\"http:\/\/bosnazemljabozijemilosti.ba\/wp-content\/uploads\/2016\/09\/Tirkizni-\u0111ardin.jpg\"><img loading=\"lazy\" decoding=\"async\" class=\"alignnone wp-image-24354\" src=\"http:\/\/bosnazemljabozijemilosti.ba\/wp-content\/uploads\/2016\/09\/Tirkizni-\u0111ardin-300x210.jpg\" alt=\"tirkizni-dardin\" width=\"327\" height=\"229\" srcset=\"https:\/\/bosnazemljabozijemilosti.ba\/wp-content\/uploads\/2016\/09\/Tirkizni-\u0111ardin-300x210.jpg 300w, https:\/\/bosnazemljabozijemilosti.ba\/wp-content\/uploads\/2016\/09\/Tirkizni-\u0111ardin-768x537.jpg 768w, https:\/\/bosnazemljabozijemilosti.ba\/wp-content\/uploads\/2016\/09\/Tirkizni-\u0111ardin-215x150.jpg 215w, https:\/\/bosnazemljabozijemilosti.ba\/wp-content\/uploads\/2016\/09\/Tirkizni-\u0111ardin-150x105.jpg 150w, https:\/\/bosnazemljabozijemilosti.ba\/wp-content\/uploads\/2016\/09\/Tirkizni-\u0111ardin.jpg 800w\" sizes=\"auto, (max-width: 327px) 100vw, 327px\" \/><\/a><\/p>\n<p>Neaalomljiva krhka rua\u017ea \u00a0 \u00a0 \u00a0 \u00a0 \u00a0 \u00a0 \u00a0 \u00a0 \u00a0 \u00a0 \u00a0 \u00a0 \u00a0 \u00a0 \u00a0 \u00a0 \u00a0 \u00a0 \u00a0 \u00a0 \u00a0 \u00a0 \u00a0 Tirkizni \u0111ardin<\/p>","protected":false},"excerpt":{"rendered":"<p>Autor Hajro \u0160abanad\u017eovi\u0107 \u00a0\u00a0 Jesenje \u010dari \u00a0 \u00a0 \u00a0 \u00a0 \u00a0 \u00a0 \u00a0 \u00a0 \u00a0 \u00a0 \u00a0 \u00a0 \u00a0 \u00a0 \u00a0 \u00a0 \u00a0 \u00a0 \u00a0 \u00a0 \u00a0 \u00a0 \u00a0 \u00a0 \u00a0 \u00a0 \u00a0 \u00a0 \u00a0 \u00a0 \u00a0 \u00a0 \u00a0 \u00a0 \u00a0 \u00a0 \u00a0 \u00a0 \u00a0 \u00a0 \u00a0 Pli\u0161ano obzorje \u00a0\u00a0\u2026 <a class=\"continue-reading-link\" href=\"https:\/\/bosnazemljabozijemilosti.ba\/?p=24899\">Pro\u010ditajte vi\u0161e&#8230;<\/a><\/p>\n","protected":false},"author":1,"featured_media":0,"comment_status":"open","ping_status":"closed","sticky":false,"template":"","format":"standard","meta":{"footnotes":""},"categories":[34,33],"tags":[],"class_list":["post-24899","post","type-post","status-publish","format-standard","hentry","category-galerija-u-o8-29","category-galerije"],"_links":{"self":[{"href":"https:\/\/bosnazemljabozijemilosti.ba\/index.php?rest_route=\/wp\/v2\/posts\/24899","targetHints":{"allow":["GET"]}}],"collection":[{"href":"https:\/\/bosnazemljabozijemilosti.ba\/index.php?rest_route=\/wp\/v2\/posts"}],"about":[{"href":"https:\/\/bosnazemljabozijemilosti.ba\/index.php?rest_route=\/wp\/v2\/types\/post"}],"author":[{"embeddable":true,"href":"https:\/\/bosnazemljabozijemilosti.ba\/index.php?rest_route=\/wp\/v2\/users\/1"}],"replies":[{"embeddable":true,"href":"https:\/\/bosnazemljabozijemilosti.ba\/index.php?rest_route=%2Fwp%2Fv2%2Fcomments&post=24899"}],"version-history":[{"count":4,"href":"https:\/\/bosnazemljabozijemilosti.ba\/index.php?rest_route=\/wp\/v2\/posts\/24899\/revisions"}],"predecessor-version":[{"id":83288,"href":"https:\/\/bosnazemljabozijemilosti.ba\/index.php?rest_route=\/wp\/v2\/posts\/24899\/revisions\/83288"}],"wp:attachment":[{"href":"https:\/\/bosnazemljabozijemilosti.ba\/index.php?rest_route=%2Fwp%2Fv2%2Fmedia&parent=24899"}],"wp:term":[{"taxonomy":"category","embeddable":true,"href":"https:\/\/bosnazemljabozijemilosti.ba\/index.php?rest_route=%2Fwp%2Fv2%2Fcategories&post=24899"},{"taxonomy":"post_tag","embeddable":true,"href":"https:\/\/bosnazemljabozijemilosti.ba\/index.php?rest_route=%2Fwp%2Fv2%2Ftags&post=24899"}],"curies":[{"name":"wp","href":"https:\/\/api.w.org\/{rel}","templated":true}]}}