{"id":2466,"date":"2026-04-02T23:29:00","date_gmt":"2026-04-02T21:29:00","guid":{"rendered":"http:\/\/bosnazemljabozijemilosti.ba\/?p=2466"},"modified":"2026-03-31T21:47:07","modified_gmt":"2026-03-31T19:47:07","slug":"galerija-u-14-o2-2","status":"publish","type":"post","link":"https:\/\/bosnazemljabozijemilosti.ba\/?p=2466","title":{"rendered":"Bosne zemlje Bo\u017eje milosti &#8211; Pred pono\u0107na Galerija"},"content":{"rendered":"<p>Autor<\/p>\n<p>Hajro \u0160abanad\u017eovi\u0107<\/p>\n<p>Poveznice<\/p>\n<p><a href=\"http:\/\/bosnazemljabozijemilosti.ba\/wp-content\/uploads\/2015\/11\/Magla-nad-Gradom-\u010cednosti.jpg\"><img loading=\"lazy\" decoding=\"async\" class=\"alignnone wp-image-2434\" src=\"http:\/\/bosnazemljabozijemilosti.ba\/wp-content\/uploads\/2015\/11\/Magla-nad-Gradom-\u010cednosti-300x214.jpg\" alt=\"Magla nad Gradom \u010cednosti\" width=\"328\" height=\"234\" srcset=\"https:\/\/bosnazemljabozijemilosti.ba\/wp-content\/uploads\/2015\/11\/Magla-nad-Gradom-\u010cednosti-300x214.jpg 300w, https:\/\/bosnazemljabozijemilosti.ba\/wp-content\/uploads\/2015\/11\/Magla-nad-Gradom-\u010cednosti-1024x732.jpg 1024w, https:\/\/bosnazemljabozijemilosti.ba\/wp-content\/uploads\/2015\/11\/Magla-nad-Gradom-\u010cednosti-210x150.jpg 210w, https:\/\/bosnazemljabozijemilosti.ba\/wp-content\/uploads\/2015\/11\/Magla-nad-Gradom-\u010cednosti-150x107.jpg 150w, https:\/\/bosnazemljabozijemilosti.ba\/wp-content\/uploads\/2015\/11\/Magla-nad-Gradom-\u010cednosti.jpg 1210w\" sizes=\"auto, (max-width: 328px) 100vw, 328px\" \/><\/a>\u00a0 \u00a0<a href=\"http:\/\/bosnazemljabozijemilosti.ba\/wp-content\/uploads\/2015\/12\/Aleja.jpg\" rel=\"attachment wp-att-5195\"><img loading=\"lazy\" decoding=\"async\" class=\"alignnone wp-image-5195\" src=\"http:\/\/bosnazemljabozijemilosti.ba\/wp-content\/uploads\/2015\/12\/Aleja-205x300.jpg\" alt=\"Aleja\" width=\"303\" height=\"444\" srcset=\"https:\/\/bosnazemljabozijemilosti.ba\/wp-content\/uploads\/2015\/12\/Aleja-205x300.jpg 205w, https:\/\/bosnazemljabozijemilosti.ba\/wp-content\/uploads\/2015\/12\/Aleja-103x150.jpg 103w, https:\/\/bosnazemljabozijemilosti.ba\/wp-content\/uploads\/2015\/12\/Aleja.jpg 595w\" sizes=\"auto, (max-width: 303px) 100vw, 303px\" \/><\/a><\/p>\n<p>Magla nad gradom \u010dednosti \u00a0 \u00a0 \u00a0 \u00a0 \u00a0 \u00a0 \u00a0 \u00a0 \u00a0 \u00a0 \u00a0 \u00a0 \u00a0 \u00a0 \u00a0 \u00a0 \u00a0 \u00a0 \u00a0 \u00a0 \u00a0 \u00a0 \u00a0 \u00a0 Aleja<\/p>\n<p><a href=\"http:\/\/bosnazemljabozijemilosti.ba\/wp-content\/uploads\/2015\/11\/zeleni-zar.jpg\"><img loading=\"lazy\" decoding=\"async\" class=\"alignnone wp-image-2334\" src=\"http:\/\/bosnazemljabozijemilosti.ba\/wp-content\/uploads\/2015\/11\/zeleni-zar-284x300.jpg\" alt=\"zeleni zar\" width=\"304\" height=\"321\" srcset=\"https:\/\/bosnazemljabozijemilosti.ba\/wp-content\/uploads\/2015\/11\/zeleni-zar-284x300.jpg 284w, https:\/\/bosnazemljabozijemilosti.ba\/wp-content\/uploads\/2015\/11\/zeleni-zar-142x150.jpg 142w, https:\/\/bosnazemljabozijemilosti.ba\/wp-content\/uploads\/2015\/11\/zeleni-zar.jpg 560w\" sizes=\"auto, (max-width: 304px) 100vw, 304px\" \/><\/a>\u00a0 \u00a0 \u00a0 \u00a0\u00a0<a href=\"http:\/\/bosnazemljabozijemilosti.ba\/wp-content\/uploads\/2015\/12\/Kristalno-jezero.jpg\" rel=\"attachment wp-att-5230\"><img loading=\"lazy\" decoding=\"async\" class=\"alignnone wp-image-5230\" src=\"http:\/\/bosnazemljabozijemilosti.ba\/wp-content\/uploads\/2015\/12\/Kristalno-jezero-288x300.jpg\" alt=\"Kristalno jezero\" width=\"305\" height=\"318\" srcset=\"https:\/\/bosnazemljabozijemilosti.ba\/wp-content\/uploads\/2015\/12\/Kristalno-jezero-288x300.jpg 288w, https:\/\/bosnazemljabozijemilosti.ba\/wp-content\/uploads\/2015\/12\/Kristalno-jezero-144x150.jpg 144w, https:\/\/bosnazemljabozijemilosti.ba\/wp-content\/uploads\/2015\/12\/Kristalno-jezero.jpg 505w\" sizes=\"auto, (max-width: 305px) 100vw, 305px\" \/><\/a><\/p>\n<p>Zeleni zarovi \u00a0 \u00a0 \u00a0 \u00a0 \u00a0 \u00a0 \u00a0 \u00a0 \u00a0 \u00a0 \u00a0 \u00a0 \u00a0 \u00a0 \u00a0 \u00a0 \u00a0 \u00a0 \u00a0 \u00a0 \u00a0 \u00a0 \u00a0 \u00a0Kristalno jezero<\/p>\n<p><a href=\"http:\/\/bosnazemljabozijemilosti.ba\/wp-content\/uploads\/2015\/11\/Konj.jpg\"><img loading=\"lazy\" decoding=\"async\" class=\"alignnone wp-image-2313\" src=\"http:\/\/bosnazemljabozijemilosti.ba\/wp-content\/uploads\/2015\/11\/Konj-294x300.jpg\" alt=\"Konj\" width=\"324\" height=\"331\" srcset=\"https:\/\/bosnazemljabozijemilosti.ba\/wp-content\/uploads\/2015\/11\/Konj-294x300.jpg 294w, https:\/\/bosnazemljabozijemilosti.ba\/wp-content\/uploads\/2015\/11\/Konj-147x150.jpg 147w, https:\/\/bosnazemljabozijemilosti.ba\/wp-content\/uploads\/2015\/11\/Konj.jpg 565w\" sizes=\"auto, (max-width: 324px) 100vw, 324px\" \/><\/a>\u00a0 \u00a0 \u00a0<a href=\"http:\/\/bosnazemljabozijemilosti.ba\/wp-content\/uploads\/2015\/12\/\u010cedno-srce.jpg\" rel=\"attachment wp-att-5140\"><img loading=\"lazy\" decoding=\"async\" class=\"alignnone wp-image-5140\" src=\"http:\/\/bosnazemljabozijemilosti.ba\/wp-content\/uploads\/2015\/12\/\u010cedno-srce-287x300.jpg\" alt=\"\u010cedno srce\" width=\"304\" height=\"318\" srcset=\"https:\/\/bosnazemljabozijemilosti.ba\/wp-content\/uploads\/2015\/12\/\u010cedno-srce-287x300.jpg 287w, https:\/\/bosnazemljabozijemilosti.ba\/wp-content\/uploads\/2015\/12\/\u010cedno-srce-143x150.jpg 143w, https:\/\/bosnazemljabozijemilosti.ba\/wp-content\/uploads\/2015\/12\/\u010cedno-srce.jpg 565w\" sizes=\"auto, (max-width: 304px) 100vw, 304px\" \/><\/a><\/p>\n<p>Konj \u00a0 \u00a0 \u00a0 \u00a0 \u00a0 \u00a0 \u00a0 \u00a0 \u00a0 \u00a0 \u00a0 \u00a0 \u00a0 \u00a0 \u00a0 \u00a0 \u00a0 \u00a0 \u00a0 \u00a0 \u00a0 \u00a0 \u00a0 \u00a0 \u00a0 \u00a0 \u00a0 \u00a0 \u00a0 \u00a0 \u00a0 \u00a0 \u00a0 \u00a0 \u00a0 \u00a0 \u00a0 \u00a0 \u00a0 \u00a0 \u00a0 \u00a0 \u00a0\u010cedno srce<\/p>\n<p><img loading=\"lazy\" decoding=\"async\" class=\"alignnone wp-image-2188\" src=\"http:\/\/bosnazemljabozijemilosti.ba\/wp-content\/uploads\/2015\/11\/Grad-\u010dednosti-pred-zoru-292x300.jpg\" alt=\"Grad \u010dednosti pred zoru\" width=\"302\" height=\"310\" srcset=\"https:\/\/bosnazemljabozijemilosti.ba\/wp-content\/uploads\/2015\/11\/Grad-\u010dednosti-pred-zoru-292x300.jpg 292w, https:\/\/bosnazemljabozijemilosti.ba\/wp-content\/uploads\/2015\/11\/Grad-\u010dednosti-pred-zoru-146x150.jpg 146w, https:\/\/bosnazemljabozijemilosti.ba\/wp-content\/uploads\/2015\/11\/Grad-\u010dednosti-pred-zoru.jpg 575w\" sizes=\"auto, (max-width: 302px) 100vw, 302px\" \/>\u00a0 \u00a0<a href=\"http:\/\/bosnazemljabozijemilosti.ba\/wp-content\/uploads\/2015\/12\/Prava-ljubav.jpg\" rel=\"attachment wp-att-5339\"><img loading=\"lazy\" decoding=\"async\" class=\"alignnone wp-image-5339\" src=\"http:\/\/bosnazemljabozijemilosti.ba\/wp-content\/uploads\/2015\/12\/Prava-ljubav-291x300.jpg\" alt=\"Prava ljubav\" width=\"310\" height=\"320\" srcset=\"https:\/\/bosnazemljabozijemilosti.ba\/wp-content\/uploads\/2015\/12\/Prava-ljubav-291x300.jpg 291w, https:\/\/bosnazemljabozijemilosti.ba\/wp-content\/uploads\/2015\/12\/Prava-ljubav-146x150.jpg 146w, https:\/\/bosnazemljabozijemilosti.ba\/wp-content\/uploads\/2015\/12\/Prava-ljubav.jpg 511w\" sizes=\"auto, (max-width: 310px) 100vw, 310px\" \/><\/a><\/p>\n<p>Grad \u010dednosti pred zoru \u00a0 \u00a0 \u00a0 \u00a0 \u00a0 \u00a0 \u00a0 \u00a0 \u00a0 \u00a0 \u00a0 \u00a0 \u00a0 \u00a0 \u00a0 \u00a0 \u00a0 \u00a0 \u00a0 \u00a0 \u00a0 \u00a0 \u00a0 \u00a0 \u00a0 \u00a0 \u00a0 \u00a0 \u00a0 \u00a0 \u00a0Prava ljubav<\/p>\n<p><a href=\"http:\/\/bosnazemljabozijemilosti.ba\/wp-content\/uploads\/2015\/11\/poljubac.bmp\"><img loading=\"lazy\" decoding=\"async\" class=\"alignnone wp-image-2076\" src=\"http:\/\/bosnazemljabozijemilosti.ba\/wp-content\/uploads\/2015\/11\/poljubac-300x210.bmp\" alt=\"poljubac\" width=\"344\" height=\"241\" srcset=\"https:\/\/bosnazemljabozijemilosti.ba\/wp-content\/uploads\/2015\/11\/poljubac-300x210.bmp 300w, https:\/\/bosnazemljabozijemilosti.ba\/wp-content\/uploads\/2015\/11\/poljubac-214x150.bmp 214w, https:\/\/bosnazemljabozijemilosti.ba\/wp-content\/uploads\/2015\/11\/poljubac-150x105.bmp 150w, https:\/\/bosnazemljabozijemilosti.ba\/wp-content\/uploads\/2015\/11\/poljubac.bmp 843w\" sizes=\"auto, (max-width: 344px) 100vw, 344px\" \/><\/a>\u00a0\u00a0<a href=\"http:\/\/bosnazemljabozijemilosti.ba\/wp-content\/uploads\/2015\/12\/Smiraj.jpg\" rel=\"attachment wp-att-5340\"><img loading=\"lazy\" decoding=\"async\" class=\"alignnone wp-image-5340\" src=\"http:\/\/bosnazemljabozijemilosti.ba\/wp-content\/uploads\/2015\/12\/Smiraj-294x300.jpg\" alt=\"Smiraj\" width=\"303\" height=\"309\" srcset=\"https:\/\/bosnazemljabozijemilosti.ba\/wp-content\/uploads\/2015\/12\/Smiraj-294x300.jpg 294w, https:\/\/bosnazemljabozijemilosti.ba\/wp-content\/uploads\/2015\/12\/Smiraj-147x150.jpg 147w, https:\/\/bosnazemljabozijemilosti.ba\/wp-content\/uploads\/2015\/12\/Smiraj.jpg 575w\" sizes=\"auto, (max-width: 303px) 100vw, 303px\" \/><\/a><\/p>\n<p>Poljubac \u00a0 \u00a0 \u00a0 \u00a0 \u00a0 \u00a0 \u00a0 \u00a0 \u00a0 \u00a0 \u00a0 \u00a0 \u00a0 \u00a0 \u00a0 \u00a0 \u00a0 \u00a0 \u00a0 \u00a0 \u00a0 \u00a0 \u00a0 \u00a0 \u00a0 \u00a0 \u00a0 \u00a0 \u00a0 \u00a0 \u00a0 \u00a0 \u00a0 \u00a0 \u00a0 \u00a0 \u00a0 \u00a0 \u00a0 \u00a0 \u00a0 Smiraj<\/p>\n<p><a href=\"http:\/\/bosnazemljabozijemilosti.ba\/wp-content\/uploads\/2015\/12\/Bulbuli.jpg\" rel=\"attachment wp-att-5335\"><img loading=\"lazy\" decoding=\"async\" class=\"alignnone wp-image-5335\" src=\"http:\/\/bosnazemljabozijemilosti.ba\/wp-content\/uploads\/2015\/12\/Bulbuli-208x300.jpg\" alt=\"Bulbuli\" width=\"272\" height=\"392\" \/><\/a>\u00a0\u00a0<a href=\"http:\/\/bosnazemljabozijemilosti.ba\/wp-content\/uploads\/2015\/12\/Praznik-ljubavi.jpg\" rel=\"attachment wp-att-5127\"><img loading=\"lazy\" decoding=\"async\" class=\"alignnone wp-image-5127\" src=\"http:\/\/bosnazemljabozijemilosti.ba\/wp-content\/uploads\/2015\/12\/Praznik-ljubavi-297x300.jpg\" alt=\"Praznik ljubavi\" width=\"347\" height=\"351\" srcset=\"https:\/\/bosnazemljabozijemilosti.ba\/wp-content\/uploads\/2015\/12\/Praznik-ljubavi-297x300.jpg 297w, https:\/\/bosnazemljabozijemilosti.ba\/wp-content\/uploads\/2015\/12\/Praznik-ljubavi-148x150.jpg 148w, https:\/\/bosnazemljabozijemilosti.ba\/wp-content\/uploads\/2015\/12\/Praznik-ljubavi.jpg 580w\" sizes=\"auto, (max-width: 347px) 100vw, 347px\" \/><\/a><\/p>\n<p>Bulbuli \u00a0 \u00a0 \u00a0 \u00a0 \u00a0 \u00a0 \u00a0 \u00a0 \u00a0 \u00a0 \u00a0 \u00a0 \u00a0 \u00a0 \u00a0 \u00a0 \u00a0 \u00a0 \u00a0 \u00a0 \u00a0 \u00a0 \u00a0 \u00a0 \u00a0 \u00a0 \u00a0 \u00a0 \u00a0 \u00a0 \u00a0 \u00a0 \u00a0 \u00a0 \u00a0 \u00a0 \u00a0 \u00a0 \u00a0 \u00a0 \u00a0 Praznik ljubavi<\/p>\n<p><a href=\"http:\/\/bosnazemljabozijemilosti.ba\/wp-content\/uploads\/2015\/12\/Vatre-plam.jpg\" rel=\"attachment wp-att-5219\"><img loading=\"lazy\" decoding=\"async\" class=\"alignnone wp-image-5219\" src=\"http:\/\/bosnazemljabozijemilosti.ba\/wp-content\/uploads\/2015\/12\/Vatre-plam-300x293.jpg\" alt=\"Vatre plam\" width=\"286\" height=\"279\" srcset=\"https:\/\/bosnazemljabozijemilosti.ba\/wp-content\/uploads\/2015\/12\/Vatre-plam-300x293.jpg 300w, https:\/\/bosnazemljabozijemilosti.ba\/wp-content\/uploads\/2015\/12\/Vatre-plam-154x150.jpg 154w, https:\/\/bosnazemljabozijemilosti.ba\/wp-content\/uploads\/2015\/12\/Vatre-plam-150x146.jpg 150w, https:\/\/bosnazemljabozijemilosti.ba\/wp-content\/uploads\/2015\/12\/Vatre-plam.jpg 595w\" sizes=\"auto, (max-width: 286px) 100vw, 286px\" \/><\/a> \u00a0 \u00a0<a href=\"http:\/\/bosnazemljabozijemilosti.ba\/wp-content\/uploads\/2015\/12\/Rujan.jpg\" rel=\"attachment wp-att-5216\"><img loading=\"lazy\" decoding=\"async\" class=\"alignnone size-medium wp-image-5216\" src=\"http:\/\/bosnazemljabozijemilosti.ba\/wp-content\/uploads\/2015\/12\/Rujan-300x300.jpg\" alt=\"Rujan\" width=\"300\" height=\"300\" srcset=\"https:\/\/bosnazemljabozijemilosti.ba\/wp-content\/uploads\/2015\/12\/Rujan-300x300.jpg 300w, https:\/\/bosnazemljabozijemilosti.ba\/wp-content\/uploads\/2015\/12\/Rujan-150x150.jpg 150w, https:\/\/bosnazemljabozijemilosti.ba\/wp-content\/uploads\/2015\/12\/Rujan-149x150.jpg 149w, https:\/\/bosnazemljabozijemilosti.ba\/wp-content\/uploads\/2015\/12\/Rujan.jpg 505w\" sizes=\"auto, (max-width: 300px) 100vw, 300px\" \/><\/a><\/p>\n<p>Vatre plam \u00a0 \u00a0 \u00a0 \u00a0 \u00a0 \u00a0 \u00a0 \u00a0 \u00a0 \u00a0 \u00a0 \u00a0 \u00a0 \u00a0 \u00a0 \u00a0 \u00a0 \u00a0 \u00a0 \u00a0 \u00a0 \u00a0 \u00a0 \u00a0 \u00a0 \u00a0 \u00a0 \u00a0 \u00a0 \u00a0 Rujan<\/p>\n<p><a href=\"http:\/\/bosnazemljabozijemilosti.ba\/wp-content\/uploads\/2015\/12\/No\u0107ni-rastanak.jpg\" rel=\"attachment wp-att-5095\"><img loading=\"lazy\" decoding=\"async\" class=\"alignnone wp-image-5095\" src=\"http:\/\/bosnazemljabozijemilosti.ba\/wp-content\/uploads\/2015\/12\/No\u0107ni-rastanak-300x300.jpg\" alt=\"No\u0107ni rastanak\" width=\"328\" height=\"328\" srcset=\"https:\/\/bosnazemljabozijemilosti.ba\/wp-content\/uploads\/2015\/12\/No\u0107ni-rastanak-300x300.jpg 300w, https:\/\/bosnazemljabozijemilosti.ba\/wp-content\/uploads\/2015\/12\/No\u0107ni-rastanak-150x150.jpg 150w, https:\/\/bosnazemljabozijemilosti.ba\/wp-content\/uploads\/2015\/12\/No\u0107ni-rastanak.jpg 516w\" sizes=\"auto, (max-width: 328px) 100vw, 328px\" \/><\/a>\u00a0\u00a0<a href=\"http:\/\/bosnazemljabozijemilosti.ba\/wp-content\/uploads\/2015\/12\/Du\u0161a-ranjena.jpg\" rel=\"attachment wp-att-4993\"><img loading=\"lazy\" decoding=\"async\" class=\"alignnone wp-image-4993\" src=\"http:\/\/bosnazemljabozijemilosti.ba\/wp-content\/uploads\/2015\/12\/Du\u0161a-ranjena-284x300.jpg\" alt=\"Du\u0161a ranjena\" width=\"295\" height=\"312\" srcset=\"https:\/\/bosnazemljabozijemilosti.ba\/wp-content\/uploads\/2015\/12\/Du\u0161a-ranjena-284x300.jpg 284w, https:\/\/bosnazemljabozijemilosti.ba\/wp-content\/uploads\/2015\/12\/Du\u0161a-ranjena-142x150.jpg 142w, https:\/\/bosnazemljabozijemilosti.ba\/wp-content\/uploads\/2015\/12\/Du\u0161a-ranjena.jpg 495w\" sizes=\"auto, (max-width: 295px) 100vw, 295px\" \/><\/a><\/p>\n<p>No\u0107ni rastanak \u00a0 \u00a0 \u00a0 \u00a0 \u00a0 \u00a0 \u00a0 \u00a0 \u00a0 \u00a0 \u00a0 \u00a0 \u00a0 \u00a0 \u00a0 \u00a0 \u00a0 \u00a0 \u00a0 \u00a0 \u00a0 \u00a0 \u00a0 \u00a0 \u00a0 \u00a0 \u00a0 \u00a0 \u00a0 \u00a0 Du\u0161a ranjena<\/p>\n","protected":false},"excerpt":{"rendered":"<p>Autor Hajro \u0160abanad\u017eovi\u0107 Poveznice \u00a0 \u00a0 Magla nad gradom \u010dednosti \u00a0 \u00a0 \u00a0 \u00a0 \u00a0 \u00a0 \u00a0 \u00a0 \u00a0 \u00a0 \u00a0 \u00a0 \u00a0 \u00a0 \u00a0 \u00a0 \u00a0 \u00a0 \u00a0 \u00a0 \u00a0 \u00a0 \u00a0 \u00a0 Aleja \u00a0 \u00a0 \u00a0 \u00a0\u00a0 Zeleni zarovi \u00a0 \u00a0 \u00a0 \u00a0 \u00a0 \u00a0 \u00a0 \u00a0 \u00a0\u2026 <a class=\"continue-reading-link\" href=\"https:\/\/bosnazemljabozijemilosti.ba\/?p=2466\">Pro\u010ditajte vi\u0161e&#8230;<\/a><\/p>\n","protected":false},"author":1,"featured_media":0,"comment_status":"open","ping_status":"closed","sticky":false,"template":"","format":"standard","meta":{"footnotes":""},"categories":[33,38],"tags":[],"class_list":["post-2466","post","type-post","status-publish","format-standard","hentry","category-galerije","category-pretponocna-galerija"],"_links":{"self":[{"href":"https:\/\/bosnazemljabozijemilosti.ba\/index.php?rest_route=\/wp\/v2\/posts\/2466","targetHints":{"allow":["GET"]}}],"collection":[{"href":"https:\/\/bosnazemljabozijemilosti.ba\/index.php?rest_route=\/wp\/v2\/posts"}],"about":[{"href":"https:\/\/bosnazemljabozijemilosti.ba\/index.php?rest_route=\/wp\/v2\/types\/post"}],"author":[{"embeddable":true,"href":"https:\/\/bosnazemljabozijemilosti.ba\/index.php?rest_route=\/wp\/v2\/users\/1"}],"replies":[{"embeddable":true,"href":"https:\/\/bosnazemljabozijemilosti.ba\/index.php?rest_route=%2Fwp%2Fv2%2Fcomments&post=2466"}],"version-history":[{"count":12,"href":"https:\/\/bosnazemljabozijemilosti.ba\/index.php?rest_route=\/wp\/v2\/posts\/2466\/revisions"}],"predecessor-version":[{"id":103210,"href":"https:\/\/bosnazemljabozijemilosti.ba\/index.php?rest_route=\/wp\/v2\/posts\/2466\/revisions\/103210"}],"wp:attachment":[{"href":"https:\/\/bosnazemljabozijemilosti.ba\/index.php?rest_route=%2Fwp%2Fv2%2Fmedia&parent=2466"}],"wp:term":[{"taxonomy":"category","embeddable":true,"href":"https:\/\/bosnazemljabozijemilosti.ba\/index.php?rest_route=%2Fwp%2Fv2%2Fcategories&post=2466"},{"taxonomy":"post_tag","embeddable":true,"href":"https:\/\/bosnazemljabozijemilosti.ba\/index.php?rest_route=%2Fwp%2Fv2%2Ftags&post=2466"}],"curies":[{"name":"wp","href":"https:\/\/api.w.org\/{rel}","templated":true}]}}