{"id":19505,"date":"2025-07-22T23:29:00","date_gmt":"2025-07-22T21:29:00","guid":{"rendered":"http:\/\/bosnazemljabozijemilosti.ba\/?p=19505"},"modified":"2025-07-22T22:08:48","modified_gmt":"2025-07-22T20:08:48","slug":"galerija-bosna-zemlja-bozije-milosti-u-23-29-2","status":"publish","type":"post","link":"https:\/\/bosnazemljabozijemilosti.ba\/?p=19505","title":{"rendered":"Pretpono\u0107na Galerija Bosna zemlja Bo\u017eije milosti u 23 29"},"content":{"rendered":"<p><a href=\"http:\/\/bosnazemljabozijemilosti.ba\/wp-content\/uploads\/2016\/06\/Bijela-dama-i-odar.jpg\"><img loading=\"lazy\" decoding=\"async\" class=\"alignnone wp-image-19239\" src=\"http:\/\/bosnazemljabozijemilosti.ba\/wp-content\/uploads\/2016\/06\/Bijela-dama-i-odar-300x207.jpg\" alt=\"Bijela dama i odar\" width=\"242\" height=\"167\" srcset=\"https:\/\/bosnazemljabozijemilosti.ba\/wp-content\/uploads\/2016\/06\/Bijela-dama-i-odar-300x207.jpg 300w, https:\/\/bosnazemljabozijemilosti.ba\/wp-content\/uploads\/2016\/06\/Bijela-dama-i-odar-768x530.jpg 768w, https:\/\/bosnazemljabozijemilosti.ba\/wp-content\/uploads\/2016\/06\/Bijela-dama-i-odar-217x150.jpg 217w, https:\/\/bosnazemljabozijemilosti.ba\/wp-content\/uploads\/2016\/06\/Bijela-dama-i-odar-150x104.jpg 150w, https:\/\/bosnazemljabozijemilosti.ba\/wp-content\/uploads\/2016\/06\/Bijela-dama-i-odar.jpg 800w\" sizes=\"auto, (max-width: 242px) 100vw, 242px\" \/><\/a>&nbsp;&nbsp;<a href=\"http:\/\/bosnazemljabozijemilosti.ba\/wp-content\/uploads\/2016\/06\/Osun\u010dani-oblak.jpg\"><img loading=\"lazy\" decoding=\"async\" class=\"alignnone wp-image-19210\" src=\"http:\/\/bosnazemljabozijemilosti.ba\/wp-content\/uploads\/2016\/06\/Osun\u010dani-oblak-288x300.jpg\" alt=\"Osun\u010dani oblak\" width=\"246\" height=\"256\" srcset=\"https:\/\/bosnazemljabozijemilosti.ba\/wp-content\/uploads\/2016\/06\/Osun\u010dani-oblak-288x300.jpg 288w, https:\/\/bosnazemljabozijemilosti.ba\/wp-content\/uploads\/2016\/06\/Osun\u010dani-oblak-144x150.jpg 144w, https:\/\/bosnazemljabozijemilosti.ba\/wp-content\/uploads\/2016\/06\/Osun\u010dani-oblak.jpg 505w\" sizes=\"auto, (max-width: 246px) 100vw, 246px\" \/><\/a><\/p>\n<p>Bijela dama i odar &nbsp; &nbsp; &nbsp; &nbsp; &nbsp; &nbsp; &nbsp; &nbsp; &nbsp; &nbsp; &nbsp; &nbsp; &nbsp; &nbsp; &nbsp; &nbsp; &nbsp; &nbsp; &nbsp; &nbsp; &nbsp; &nbsp; &nbsp; &nbsp; &nbsp; &nbsp; &nbsp; &nbsp; &nbsp; &nbsp; &nbsp; &nbsp; &nbsp; &nbsp; &nbsp; &nbsp; Osun\u010dani oblak<\/p>\n<p><a href=\"http:\/\/bosnazemljabozijemilosti.ba\/wp-content\/uploads\/2016\/06\/Ljubav-pokraj-Modre-rijeke.jpg\"><img loading=\"lazy\" decoding=\"async\" class=\"alignnone wp-image-19208\" src=\"http:\/\/bosnazemljabozijemilosti.ba\/wp-content\/uploads\/2016\/06\/Ljubav-pokraj-Modre-rijeke-300x206.jpg\" alt=\"Ljubav pokraj Modre rijeke\" width=\"283\" height=\"195\" srcset=\"https:\/\/bosnazemljabozijemilosti.ba\/wp-content\/uploads\/2016\/06\/Ljubav-pokraj-Modre-rijeke-300x206.jpg 300w, https:\/\/bosnazemljabozijemilosti.ba\/wp-content\/uploads\/2016\/06\/Ljubav-pokraj-Modre-rijeke-768x528.jpg 768w, https:\/\/bosnazemljabozijemilosti.ba\/wp-content\/uploads\/2016\/06\/Ljubav-pokraj-Modre-rijeke-218x150.jpg 218w, https:\/\/bosnazemljabozijemilosti.ba\/wp-content\/uploads\/2016\/06\/Ljubav-pokraj-Modre-rijeke-150x103.jpg 150w, https:\/\/bosnazemljabozijemilosti.ba\/wp-content\/uploads\/2016\/06\/Ljubav-pokraj-Modre-rijeke.jpg 888w\" sizes=\"auto, (max-width: 283px) 100vw, 283px\" \/><\/a>&nbsp;&nbsp;<a href=\"http:\/\/bosnazemljabozijemilosti.ba\/wp-content\/uploads\/2016\/06\/Um-smotan-u-fi\u0161ek.jpg\"><img loading=\"lazy\" decoding=\"async\" class=\"alignnone wp-image-19193\" src=\"http:\/\/bosnazemljabozijemilosti.ba\/wp-content\/uploads\/2016\/06\/Um-smotan-u-fi\u0161ek-275x300.jpg\" alt=\"Um smotan u fi\u0161ek\" width=\"248\" height=\"271\" srcset=\"https:\/\/bosnazemljabozijemilosti.ba\/wp-content\/uploads\/2016\/06\/Um-smotan-u-fi\u0161ek-275x300.jpg 275w, https:\/\/bosnazemljabozijemilosti.ba\/wp-content\/uploads\/2016\/06\/Um-smotan-u-fi\u0161ek-137x150.jpg 137w, https:\/\/bosnazemljabozijemilosti.ba\/wp-content\/uploads\/2016\/06\/Um-smotan-u-fi\u0161ek.jpg 486w\" sizes=\"auto, (max-width: 248px) 100vw, 248px\" \/><\/a><\/p>\n<p>Ljubav pokraj &nbsp;Modre rijeke &nbsp; &nbsp; &nbsp; &nbsp; &nbsp; &nbsp; &nbsp; &nbsp; &nbsp; &nbsp; &nbsp; &nbsp; &nbsp; &nbsp; &nbsp; &nbsp; &nbsp; &nbsp; &nbsp; &nbsp; &nbsp; &nbsp; &nbsp; &nbsp; &nbsp; &nbsp; &nbsp; &nbsp; &nbsp;Um smotan u fi\u0161ek<\/p>\n<p><a href=\"http:\/\/bosnazemljabozijemilosti.ba\/wp-content\/uploads\/2016\/06\/Krhka-bjelina.jpg\"><img loading=\"lazy\" decoding=\"async\" class=\"alignnone wp-image-19186\" src=\"http:\/\/bosnazemljabozijemilosti.ba\/wp-content\/uploads\/2016\/06\/Krhka-bjelina-300x218.jpg\" alt=\"Krhka bjelina\" width=\"450\" height=\"326\" srcset=\"https:\/\/bosnazemljabozijemilosti.ba\/wp-content\/uploads\/2016\/06\/Krhka-bjelina-300x218.jpg 300w, https:\/\/bosnazemljabozijemilosti.ba\/wp-content\/uploads\/2016\/06\/Krhka-bjelina-206x150.jpg 206w, https:\/\/bosnazemljabozijemilosti.ba\/wp-content\/uploads\/2016\/06\/Krhka-bjelina-150x109.jpg 150w, https:\/\/bosnazemljabozijemilosti.ba\/wp-content\/uploads\/2016\/06\/Krhka-bjelina.jpg 800w\" sizes=\"auto, (max-width: 450px) 100vw, 450px\" \/><\/a><\/p>\n<p>Krhka bjelina<\/p>\n<p><a href=\"http:\/\/bosnazemljabozijemilosti.ba\/wp-content\/uploads\/2016\/06\/Zeleni-vrt.jpg\"><img loading=\"lazy\" decoding=\"async\" class=\"alignnone wp-image-19139\" src=\"http:\/\/bosnazemljabozijemilosti.ba\/wp-content\/uploads\/2016\/06\/Zeleni-vrt-282x300.jpg\" alt=\"Zeleni vrt\" width=\"277\" height=\"295\" srcset=\"https:\/\/bosnazemljabozijemilosti.ba\/wp-content\/uploads\/2016\/06\/Zeleni-vrt-282x300.jpg 282w, https:\/\/bosnazemljabozijemilosti.ba\/wp-content\/uploads\/2016\/06\/Zeleni-vrt-141x150.jpg 141w, https:\/\/bosnazemljabozijemilosti.ba\/wp-content\/uploads\/2016\/06\/Zeleni-vrt.jpg 495w\" sizes=\"auto, (max-width: 277px) 100vw, 277px\" \/><\/a>&nbsp;&nbsp;<a href=\"http:\/\/bosnazemljabozijemilosti.ba\/wp-content\/uploads\/2016\/06\/Cvije\u0107e-i-jo\u0161-svije\u0107a.jpg\"><img loading=\"lazy\" decoding=\"async\" class=\"alignnone wp-image-19114\" src=\"http:\/\/bosnazemljabozijemilosti.ba\/wp-content\/uploads\/2016\/06\/Cvije\u0107e-i-jo\u0161-svije\u0107a-300x206.jpg\" alt=\"Cvije\u0107e i jo\u0161 svije\u0107a\" width=\"281\" height=\"193\" srcset=\"https:\/\/bosnazemljabozijemilosti.ba\/wp-content\/uploads\/2016\/06\/Cvije\u0107e-i-jo\u0161-svije\u0107a-300x206.jpg 300w, https:\/\/bosnazemljabozijemilosti.ba\/wp-content\/uploads\/2016\/06\/Cvije\u0107e-i-jo\u0161-svije\u0107a-768x528.jpg 768w, https:\/\/bosnazemljabozijemilosti.ba\/wp-content\/uploads\/2016\/06\/Cvije\u0107e-i-jo\u0161-svije\u0107a-218x150.jpg 218w, https:\/\/bosnazemljabozijemilosti.ba\/wp-content\/uploads\/2016\/06\/Cvije\u0107e-i-jo\u0161-svije\u0107a-150x103.jpg 150w, https:\/\/bosnazemljabozijemilosti.ba\/wp-content\/uploads\/2016\/06\/Cvije\u0107e-i-jo\u0161-svije\u0107a.jpg 800w\" sizes=\"auto, (max-width: 281px) 100vw, 281px\" \/><\/a><\/p>\n<p>Zeleni vrt &nbsp; &nbsp; &nbsp; &nbsp; &nbsp; &nbsp; &nbsp; &nbsp; &nbsp; &nbsp; &nbsp; &nbsp; &nbsp; &nbsp; &nbsp; &nbsp; &nbsp; &nbsp; &nbsp; &nbsp; &nbsp; &nbsp; &nbsp; &nbsp; &nbsp; &nbsp; &nbsp; &nbsp; &nbsp; &nbsp; &nbsp; &nbsp; &nbsp; &nbsp; &nbsp; &nbsp; &nbsp; &nbsp; &nbsp; Cvije\u0107e jo\u0161 cvije\u0107a<\/p>\n<p><a href=\"http:\/\/bosnazemljabozijemilosti.ba\/wp-content\/uploads\/2016\/06\/Nemiri-u-vrtu.jpg\"><img loading=\"lazy\" decoding=\"async\" class=\"alignnone wp-image-19145\" src=\"http:\/\/bosnazemljabozijemilosti.ba\/wp-content\/uploads\/2016\/06\/Nemiri-u-vrtu-283x300.jpg\" alt=\"Nemiri u vrtu\" width=\"257\" height=\"273\" srcset=\"https:\/\/bosnazemljabozijemilosti.ba\/wp-content\/uploads\/2016\/06\/Nemiri-u-vrtu-283x300.jpg 283w, https:\/\/bosnazemljabozijemilosti.ba\/wp-content\/uploads\/2016\/06\/Nemiri-u-vrtu-141x150.jpg 141w, https:\/\/bosnazemljabozijemilosti.ba\/wp-content\/uploads\/2016\/06\/Nemiri-u-vrtu.jpg 505w\" sizes=\"auto, (max-width: 257px) 100vw, 257px\" \/><\/a>&nbsp;&nbsp;<a href=\"http:\/\/bosnazemljabozijemilosti.ba\/wp-content\/uploads\/2016\/06\/Modra-rijeka-puteve-njene-zna.jpg\"><img loading=\"lazy\" decoding=\"async\" class=\"alignnone wp-image-19111\" src=\"http:\/\/bosnazemljabozijemilosti.ba\/wp-content\/uploads\/2016\/06\/Modra-rijeka-puteve-njene-zna-300x210.jpg\" alt=\"Modra rijeka puteve njene zna\" width=\"251\" height=\"176\" srcset=\"https:\/\/bosnazemljabozijemilosti.ba\/wp-content\/uploads\/2016\/06\/Modra-rijeka-puteve-njene-zna-300x210.jpg 300w, https:\/\/bosnazemljabozijemilosti.ba\/wp-content\/uploads\/2016\/06\/Modra-rijeka-puteve-njene-zna-768x537.jpg 768w, https:\/\/bosnazemljabozijemilosti.ba\/wp-content\/uploads\/2016\/06\/Modra-rijeka-puteve-njene-zna-215x150.jpg 215w, https:\/\/bosnazemljabozijemilosti.ba\/wp-content\/uploads\/2016\/06\/Modra-rijeka-puteve-njene-zna-150x105.jpg 150w, https:\/\/bosnazemljabozijemilosti.ba\/wp-content\/uploads\/2016\/06\/Modra-rijeka-puteve-njene-zna.jpg 800w\" sizes=\"auto, (max-width: 251px) 100vw, 251px\" \/><\/a><\/p>\n<p>Nemiri u vrtu &nbsp; &nbsp; &nbsp; &nbsp; &nbsp; &nbsp; &nbsp; &nbsp; &nbsp; &nbsp; &nbsp; &nbsp; &nbsp; &nbsp; &nbsp; &nbsp; &nbsp; &nbsp; &nbsp; &nbsp; &nbsp; &nbsp; &nbsp; &nbsp; &nbsp; &nbsp; &nbsp; &nbsp; &nbsp; &nbsp; &nbsp; &nbsp; &nbsp; &nbsp;Modra rijeka njene puteve zna<\/p>\n<p><a href=\"http:\/\/bosnazemljabozijemilosti.ba\/wp-content\/uploads\/2016\/06\/Most-nad-plavetnom-provalijom.jpg\"><img loading=\"lazy\" decoding=\"async\" class=\"alignnone wp-image-19330\" src=\"http:\/\/bosnazemljabozijemilosti.ba\/wp-content\/uploads\/2016\/06\/Most-nad-plavetnom-provalijom-300x208.jpg\" alt=\"Most nad plavetnom provalijom\" width=\"272\" height=\"189\" srcset=\"https:\/\/bosnazemljabozijemilosti.ba\/wp-content\/uploads\/2016\/06\/Most-nad-plavetnom-provalijom-300x208.jpg 300w, https:\/\/bosnazemljabozijemilosti.ba\/wp-content\/uploads\/2016\/06\/Most-nad-plavetnom-provalijom-768x532.jpg 768w, https:\/\/bosnazemljabozijemilosti.ba\/wp-content\/uploads\/2016\/06\/Most-nad-plavetnom-provalijom-1024x709.jpg 1024w, https:\/\/bosnazemljabozijemilosti.ba\/wp-content\/uploads\/2016\/06\/Most-nad-plavetnom-provalijom-217x150.jpg 217w, https:\/\/bosnazemljabozijemilosti.ba\/wp-content\/uploads\/2016\/06\/Most-nad-plavetnom-provalijom-150x104.jpg 150w, https:\/\/bosnazemljabozijemilosti.ba\/wp-content\/uploads\/2016\/06\/Most-nad-plavetnom-provalijom.jpg 1754w\" sizes=\"auto, (max-width: 272px) 100vw, 272px\" \/><\/a>&nbsp;<a href=\"http:\/\/bosnazemljabozijemilosti.ba\/wp-content\/uploads\/2016\/06\/U-plaveti-sni.jpg\"><img loading=\"lazy\" decoding=\"async\" class=\"alignnone wp-image-19394\" src=\"http:\/\/bosnazemljabozijemilosti.ba\/wp-content\/uploads\/2016\/06\/U-plaveti-sni-300x211.jpg\" alt=\"U plaveti sni\" width=\"273\" height=\"192\" srcset=\"https:\/\/bosnazemljabozijemilosti.ba\/wp-content\/uploads\/2016\/06\/U-plaveti-sni-300x211.jpg 300w, https:\/\/bosnazemljabozijemilosti.ba\/wp-content\/uploads\/2016\/06\/U-plaveti-sni-768x540.jpg 768w, https:\/\/bosnazemljabozijemilosti.ba\/wp-content\/uploads\/2016\/06\/U-plaveti-sni-214x150.jpg 214w, https:\/\/bosnazemljabozijemilosti.ba\/wp-content\/uploads\/2016\/06\/U-plaveti-sni-150x105.jpg 150w, https:\/\/bosnazemljabozijemilosti.ba\/wp-content\/uploads\/2016\/06\/U-plaveti-sni.jpg 800w\" sizes=\"auto, (max-width: 273px) 100vw, 273px\" \/><\/a><\/p>\n<p>Most nad plavetnom provalijom &nbsp; &nbsp; &nbsp; &nbsp; &nbsp; &nbsp; &nbsp; &nbsp; &nbsp; &nbsp; &nbsp; &nbsp; &nbsp; &nbsp; &nbsp; &nbsp; &nbsp;U plaveti sna<\/p>\n<p><a href=\"http:\/\/bosnazemljabozijemilosti.ba\/wp-content\/uploads\/2016\/06\/\u0110ardin-Nade.jpg\"><img loading=\"lazy\" decoding=\"async\" class=\"alignnone wp-image-19462\" src=\"http:\/\/bosnazemljabozijemilosti.ba\/wp-content\/uploads\/2016\/06\/\u0110ardin-Nade-300x206.jpg\" alt=\"\u0110ardin Nade\" width=\"262\" height=\"180\" srcset=\"https:\/\/bosnazemljabozijemilosti.ba\/wp-content\/uploads\/2016\/06\/\u0110ardin-Nade-300x206.jpg 300w, https:\/\/bosnazemljabozijemilosti.ba\/wp-content\/uploads\/2016\/06\/\u0110ardin-Nade-768x528.jpg 768w, https:\/\/bosnazemljabozijemilosti.ba\/wp-content\/uploads\/2016\/06\/\u0110ardin-Nade-1024x703.jpg 1024w, https:\/\/bosnazemljabozijemilosti.ba\/wp-content\/uploads\/2016\/06\/\u0110ardin-Nade-218x150.jpg 218w, https:\/\/bosnazemljabozijemilosti.ba\/wp-content\/uploads\/2016\/06\/\u0110ardin-Nade-150x103.jpg 150w, https:\/\/bosnazemljabozijemilosti.ba\/wp-content\/uploads\/2016\/06\/\u0110ardin-Nade.jpg 1754w\" sizes=\"auto, (max-width: 262px) 100vw, 262px\" \/><\/a>&nbsp;&nbsp;<a href=\"http:\/\/bosnazemljabozijemilosti.ba\/wp-content\/uploads\/2016\/06\/Lica-Nade.jpg\"><img loading=\"lazy\" decoding=\"async\" class=\"alignnone wp-image-19461\" src=\"http:\/\/bosnazemljabozijemilosti.ba\/wp-content\/uploads\/2016\/06\/Lica-Nade-212x300.jpg\" alt=\"Lica Nade\" width=\"276\" height=\"391\" srcset=\"https:\/\/bosnazemljabozijemilosti.ba\/wp-content\/uploads\/2016\/06\/Lica-Nade-212x300.jpg 212w, https:\/\/bosnazemljabozijemilosti.ba\/wp-content\/uploads\/2016\/06\/Lica-Nade-106x150.jpg 106w, https:\/\/bosnazemljabozijemilosti.ba\/wp-content\/uploads\/2016\/06\/Lica-Nade.jpg 566w\" sizes=\"auto, (max-width: 276px) 100vw, 276px\" \/><\/a><\/p>\n<p>\u0110ardin nade &nbsp; &nbsp; &nbsp; &nbsp; &nbsp; &nbsp; &nbsp; &nbsp; &nbsp; &nbsp; &nbsp; &nbsp; &nbsp; &nbsp; &nbsp; &nbsp; &nbsp; &nbsp; &nbsp; &nbsp; &nbsp; &nbsp; &nbsp; &nbsp; &nbsp; &nbsp; &nbsp; &nbsp; &nbsp; &nbsp; &nbsp; &nbsp; &nbsp; &nbsp; &nbsp;Lice nade<\/p>\n<p><a href=\"http:\/\/bosnazemljabozijemilosti.ba\/wp-content\/uploads\/2016\/06\/No\u0107-ljubavnih-dodira-I.jpg\"><img loading=\"lazy\" decoding=\"async\" class=\"alignnone wp-image-19474\" src=\"http:\/\/bosnazemljabozijemilosti.ba\/wp-content\/uploads\/2016\/06\/No\u0107-ljubavnih-dodira-I-218x300.jpg\" alt=\"No\u0107 ljubavnih dodira I\" width=\"274\" height=\"377\" srcset=\"https:\/\/bosnazemljabozijemilosti.ba\/wp-content\/uploads\/2016\/06\/No\u0107-ljubavnih-dodira-I-218x300.jpg 218w, https:\/\/bosnazemljabozijemilosti.ba\/wp-content\/uploads\/2016\/06\/No\u0107-ljubavnih-dodira-I-109x150.jpg 109w, https:\/\/bosnazemljabozijemilosti.ba\/wp-content\/uploads\/2016\/06\/No\u0107-ljubavnih-dodira-I.jpg 582w\" sizes=\"auto, (max-width: 274px) 100vw, 274px\" \/><\/a><a href=\"http:\/\/bosnazemljabozijemilosti.ba\/wp-content\/uploads\/2016\/06\/No\u0107-ljubavnih-dodira-II.jpg\"><img loading=\"lazy\" decoding=\"async\" class=\"alignnone wp-image-19475\" src=\"http:\/\/bosnazemljabozijemilosti.ba\/wp-content\/uploads\/2016\/06\/No\u0107-ljubavnih-dodira-II-218x300.jpg\" alt=\"No\u0107 ljubavnih dodira II\" width=\"274\" height=\"377\" srcset=\"https:\/\/bosnazemljabozijemilosti.ba\/wp-content\/uploads\/2016\/06\/No\u0107-ljubavnih-dodira-II-218x300.jpg 218w, https:\/\/bosnazemljabozijemilosti.ba\/wp-content\/uploads\/2016\/06\/No\u0107-ljubavnih-dodira-II-109x150.jpg 109w, https:\/\/bosnazemljabozijemilosti.ba\/wp-content\/uploads\/2016\/06\/No\u0107-ljubavnih-dodira-II.jpg 582w\" sizes=\"auto, (max-width: 274px) 100vw, 274px\" \/><\/a><\/p>\n<p>No\u0107 ljubavnih dodira<\/p>\n","protected":false},"excerpt":{"rendered":"<p>&nbsp;&nbsp; Bijela dama i odar &nbsp; &nbsp; &nbsp; &nbsp; &nbsp; &nbsp; &nbsp; &nbsp; &nbsp; &nbsp; &nbsp; &nbsp; &nbsp; &nbsp; &nbsp; &nbsp; &nbsp; &nbsp; &nbsp; &nbsp; &nbsp; &nbsp; &nbsp; &nbsp; &nbsp; &nbsp; &nbsp; &nbsp; &nbsp; &nbsp; &nbsp; &nbsp; &nbsp; &nbsp; &nbsp; &nbsp; Osun\u010dani oblak &nbsp;&nbsp; Ljubav pokraj &nbsp;Modre rijeke &nbsp; &nbsp;\u2026 <a class=\"continue-reading-link\" href=\"https:\/\/bosnazemljabozijemilosti.ba\/?p=19505\">Pro\u010ditajte vi\u0161e&#8230;<\/a><\/p>\n","protected":false},"author":1,"featured_media":0,"comment_status":"open","ping_status":"closed","sticky":false,"template":"","format":"standard","meta":{"footnotes":""},"categories":[33,38],"tags":[],"class_list":["post-19505","post","type-post","status-publish","format-standard","hentry","category-galerije","category-pretponocna-galerija"],"_links":{"self":[{"href":"https:\/\/bosnazemljabozijemilosti.ba\/index.php?rest_route=\/wp\/v2\/posts\/19505","targetHints":{"allow":["GET"]}}],"collection":[{"href":"https:\/\/bosnazemljabozijemilosti.ba\/index.php?rest_route=\/wp\/v2\/posts"}],"about":[{"href":"https:\/\/bosnazemljabozijemilosti.ba\/index.php?rest_route=\/wp\/v2\/types\/post"}],"author":[{"embeddable":true,"href":"https:\/\/bosnazemljabozijemilosti.ba\/index.php?rest_route=\/wp\/v2\/users\/1"}],"replies":[{"embeddable":true,"href":"https:\/\/bosnazemljabozijemilosti.ba\/index.php?rest_route=%2Fwp%2Fv2%2Fcomments&post=19505"}],"version-history":[{"count":11,"href":"https:\/\/bosnazemljabozijemilosti.ba\/index.php?rest_route=\/wp\/v2\/posts\/19505\/revisions"}],"predecessor-version":[{"id":96688,"href":"https:\/\/bosnazemljabozijemilosti.ba\/index.php?rest_route=\/wp\/v2\/posts\/19505\/revisions\/96688"}],"wp:attachment":[{"href":"https:\/\/bosnazemljabozijemilosti.ba\/index.php?rest_route=%2Fwp%2Fv2%2Fmedia&parent=19505"}],"wp:term":[{"taxonomy":"category","embeddable":true,"href":"https:\/\/bosnazemljabozijemilosti.ba\/index.php?rest_route=%2Fwp%2Fv2%2Fcategories&post=19505"},{"taxonomy":"post_tag","embeddable":true,"href":"https:\/\/bosnazemljabozijemilosti.ba\/index.php?rest_route=%2Fwp%2Fv2%2Ftags&post=19505"}],"curies":[{"name":"wp","href":"https:\/\/api.w.org\/{rel}","templated":true}]}}