{"id":1317,"date":"2025-06-19T18:40:00","date_gmt":"2025-06-19T16:40:00","guid":{"rendered":"http:\/\/bosnazemljabozijemilosti.ba\/?p=1317"},"modified":"2025-06-18T01:22:11","modified_gmt":"2025-06-17T23:22:11","slug":"hor-kevsar-ti-me-rani-o-allahu-zadivljujuca-milost-amazing-grace","status":"publish","type":"post","link":"https:\/\/bosnazemljabozijemilosti.ba\/?p=1317","title":{"rendered":"Hor Kevsar &#8211; Ti me rani  \/ Amazing Grace\/ Song &#8211;  Lyric"},"content":{"rendered":"<p><iframe loading=\"lazy\" title=\"Hor Kewser - Ti me rani  [ Official 2010 ][English &amp; French subtitle]\" width=\"800\" height=\"450\" src=\"https:\/\/www.youtube.com\/embed\/h4zJMQDHU2o?feature=oembed\" frameborder=\"0\" allow=\"accelerometer; autoplay; clipboard-write; encrypted-media; gyroscope; picture-in-picture; web-share\" allowfullscreen><\/iframe><\/p>\n<p><strong>Ti me rani<\/strong><\/p>\n<p>\u00a0<\/p>\n<p>Ti me rani ove zime,<\/p>\n<p>hladno\u0107ama zemaljskim,<\/p>\n<p>ja sam ba\u0161\u010da \u017eelja Tvojih,<\/p>\n<p>beharom me okruni.<\/p>\n<p>\u00a0<\/p>\n<p>Kao br\u0161ljan nek&#8217; se svijam,<\/p>\n<p>oko stabla dina Tvog,<\/p>\n<p>nek&#8217; povijam glavu svoju<\/p>\n<p>pred ljepotom istinskom.<\/p>\n<p>\u00a0<\/p>\n<p>Ref.:<\/p>\n<p>Svi vjetrovi i oluje,<\/p>\n<p>neka viju stablo moje,<\/p>\n<p>u toj borbi ja\u010da korijen,<\/p>\n<p>vjere \u0161to se islam zove.<\/p>\n<p>\u00a0<\/p>\n<p>Vatra \u010de\u017enje koja plamti,<\/p>\n<p>u nutrini srca mog,<\/p>\n<p>ko li mo\u017ee nju ugasit&#8217;<\/p>\n<p>doli more a\u0161ka Tvog?<\/p>\n\n\n<pre class=\"wp-block-verse\"><\/pre>\n\n\n\n<pre class=\"wp-block-verse\"><\/pre>\n\n\n\n<pre class=\"wp-block-verse\"><\/pre>\n","protected":false},"excerpt":{"rendered":"<p>Ti me rani \u00a0 Ti me rani ove zime, hladno\u0107ama zemaljskim, ja sam ba\u0161\u010da \u017eelja Tvojih, beharom me okruni. \u00a0 Kao br\u0161ljan nek&#8217; se svijam, oko stabla dina Tvog, nek&#8217; povijam glavu svoju pred ljepotom istinskom. \u00a0 Ref.: Svi vjetrovi i oluje, neka viju stablo moje, u toj borbi ja\u010da\u2026 <a class=\"continue-reading-link\" href=\"https:\/\/bosnazemljabozijemilosti.ba\/?p=1317\">Pro\u010ditajte vi\u0161e&#8230;<\/a><\/p>\n","protected":false},"author":1,"featured_media":0,"comment_status":"open","ping_status":"closed","sticky":false,"template":"","format":"standard","meta":{"footnotes":""},"categories":[27],"tags":[],"class_list":["post-1317","post","type-post","status-publish","format-standard","hentry","category-amazing-grace"],"_links":{"self":[{"href":"https:\/\/bosnazemljabozijemilosti.ba\/index.php?rest_route=\/wp\/v2\/posts\/1317","targetHints":{"allow":["GET"]}}],"collection":[{"href":"https:\/\/bosnazemljabozijemilosti.ba\/index.php?rest_route=\/wp\/v2\/posts"}],"about":[{"href":"https:\/\/bosnazemljabozijemilosti.ba\/index.php?rest_route=\/wp\/v2\/types\/post"}],"author":[{"embeddable":true,"href":"https:\/\/bosnazemljabozijemilosti.ba\/index.php?rest_route=\/wp\/v2\/users\/1"}],"replies":[{"embeddable":true,"href":"https:\/\/bosnazemljabozijemilosti.ba\/index.php?rest_route=%2Fwp%2Fv2%2Fcomments&post=1317"}],"version-history":[{"count":11,"href":"https:\/\/bosnazemljabozijemilosti.ba\/index.php?rest_route=\/wp\/v2\/posts\/1317\/revisions"}],"predecessor-version":[{"id":109259,"href":"https:\/\/bosnazemljabozijemilosti.ba\/index.php?rest_route=\/wp\/v2\/posts\/1317\/revisions\/109259"}],"wp:attachment":[{"href":"https:\/\/bosnazemljabozijemilosti.ba\/index.php?rest_route=%2Fwp%2Fv2%2Fmedia&parent=1317"}],"wp:term":[{"taxonomy":"category","embeddable":true,"href":"https:\/\/bosnazemljabozijemilosti.ba\/index.php?rest_route=%2Fwp%2Fv2%2Fcategories&post=1317"},{"taxonomy":"post_tag","embeddable":true,"href":"https:\/\/bosnazemljabozijemilosti.ba\/index.php?rest_route=%2Fwp%2Fv2%2Ftags&post=1317"}],"curies":[{"name":"wp","href":"https:\/\/api.w.org\/{rel}","templated":true}]}}