{"id":5738,"date":"2025-06-14T23:29:00","date_gmt":"2025-06-14T21:29:00","guid":{"rendered":"http:\/\/bosnazemljabozijemilosti.ba\/?p=5738"},"modified":"2025-06-14T20:51:48","modified_gmt":"2025-06-14T18:51:48","slug":"ponocna-galerija","status":"publish","type":"post","link":"http:\/\/bosnazemljabozijemilosti.ba\/?p=5738","title":{"rendered":"Pred pono\u0107na Galerija  Bosna zemlja Bo\u017eije milosti"},"content":{"rendered":"\n<p>Autior<\/p>\n\n\n\n<p>Hajro \u0160abanad\u017eovi\u0107<\/p>\n\n\n<p><a href=\"http:\/\/bosnazemljabozijemilosti.ba\/wp-content\/uploads\/2015\/11\/Bosna-zemlja-bo\u017eje-milosti-2.jpg\" rel=\"attachment wp-att-1705\"><img loading=\"lazy\" decoding=\"async\" class=\"alignnone wp-image-1705\" src=\"http:\/\/bosnazemljabozijemilosti.ba\/wp-content\/uploads\/2015\/11\/Bosna-zemlja-bo\u017eje-milosti-2-295x300.jpg\" alt=\"Bosna zemlja bo\u017eje milosti 2\" width=\"316\" height=\"321\"><\/a>&nbsp;&nbsp;&nbsp;<a href=\"http:\/\/bosnazemljabozijemilosti.ba\/wp-content\/uploads\/2015\/11\/Bosna.jpg\" rel=\"attachment wp-att-1707\"><img loading=\"lazy\" decoding=\"async\" class=\"alignnone wp-image-1707\" src=\"http:\/\/bosnazemljabozijemilosti.ba\/wp-content\/uploads\/2015\/11\/Bosna-297x300.jpg\" alt=\"Bosna\" width=\"307\" height=\"311\" srcset=\"http:\/\/bosnazemljabozijemilosti.ba\/wp-content\/uploads\/2015\/11\/Bosna-297x300.jpg 297w, http:\/\/bosnazemljabozijemilosti.ba\/wp-content\/uploads\/2015\/11\/Bosna-148x150.jpg 148w, http:\/\/bosnazemljabozijemilosti.ba\/wp-content\/uploads\/2015\/11\/Bosna.jpg 590w\" sizes=\"auto, (max-width: 307px) 100vw, 307px\" \/><\/a><\/p>\n<p>Bosna zemlja Bo\u017eije milosti &nbsp; &nbsp; &nbsp; &nbsp; &nbsp; &nbsp; &nbsp; &nbsp; &nbsp; &nbsp; &nbsp; &nbsp; &nbsp; &nbsp; &nbsp; &nbsp; &nbsp; &nbsp; &nbsp; &nbsp; &nbsp; &nbsp; &nbsp;Bosna<\/p>\n<p><a href=\"http:\/\/bosnazemljabozijemilosti.ba\/wp-content\/uploads\/2015\/11\/cvije\u0107e.jpg\" rel=\"attachment wp-att-1708\"><img loading=\"lazy\" decoding=\"async\" class=\"alignnone wp-image-1708\" src=\"http:\/\/bosnazemljabozijemilosti.ba\/wp-content\/uploads\/2015\/11\/cvije\u0107e-291x300.jpg\" alt=\"cvije\u0107e\" width=\"288\" height=\"297\" srcset=\"http:\/\/bosnazemljabozijemilosti.ba\/wp-content\/uploads\/2015\/11\/cvije\u0107e-291x300.jpg 291w, http:\/\/bosnazemljabozijemilosti.ba\/wp-content\/uploads\/2015\/11\/cvije\u0107e-992x1024.jpg 992w, http:\/\/bosnazemljabozijemilosti.ba\/wp-content\/uploads\/2015\/11\/cvije\u0107e-145x150.jpg 145w, http:\/\/bosnazemljabozijemilosti.ba\/wp-content\/uploads\/2015\/11\/cvije\u0107e.jpg 1275w\" sizes=\"auto, (max-width: 288px) 100vw, 288px\" \/><\/a>&nbsp; &nbsp; &nbsp; <a href=\"http:\/\/bosnazemljabozijemilosti.ba\/wp-content\/uploads\/2015\/11\/\u010dovjek-i-konj.jpg\" rel=\"attachment wp-att-1709\"><img loading=\"lazy\" decoding=\"async\" class=\"alignnone wp-image-1709\" src=\"http:\/\/bosnazemljabozijemilosti.ba\/wp-content\/uploads\/2015\/11\/\u010dovjek-i-konj-280x300.jpg\" alt=\"\u010dovjek i konj\" width=\"297\" height=\"318\" srcset=\"http:\/\/bosnazemljabozijemilosti.ba\/wp-content\/uploads\/2015\/11\/\u010dovjek-i-konj-280x300.jpg 280w, http:\/\/bosnazemljabozijemilosti.ba\/wp-content\/uploads\/2015\/11\/\u010dovjek-i-konj-140x150.jpg 140w, http:\/\/bosnazemljabozijemilosti.ba\/wp-content\/uploads\/2015\/11\/\u010dovjek-i-konj.jpg 585w\" sizes=\"auto, (max-width: 297px) 100vw, 297px\" \/><\/a><\/p>\n<p>Cvije\u0107e &nbsp; &nbsp; &nbsp; &nbsp; &nbsp; &nbsp; &nbsp; &nbsp; &nbsp; &nbsp; &nbsp; &nbsp; &nbsp; &nbsp; &nbsp; &nbsp; &nbsp; &nbsp; &nbsp; &nbsp; &nbsp; &nbsp; &nbsp; &nbsp; &nbsp; &nbsp; &nbsp; &nbsp; &nbsp; &nbsp; &nbsp; &nbsp; &nbsp; &nbsp; &nbsp; &nbsp; &nbsp; &nbsp; &nbsp; &nbsp;\u010covjek i konj<\/p>\n<p><a href=\"http:\/\/bosnazemljabozijemilosti.ba\/wp-content\/uploads\/2015\/11\/\u010cednost.jpg\" rel=\"attachment wp-att-1710\"><img loading=\"lazy\" decoding=\"async\" class=\"alignnone wp-image-1710\" src=\"http:\/\/bosnazemljabozijemilosti.ba\/wp-content\/uploads\/2015\/11\/\u010cednost-294x300.jpg\" alt=\"\u010cednost\" width=\"317\" height=\"324\" srcset=\"http:\/\/bosnazemljabozijemilosti.ba\/wp-content\/uploads\/2015\/11\/\u010cednost-294x300.jpg 294w, http:\/\/bosnazemljabozijemilosti.ba\/wp-content\/uploads\/2015\/11\/\u010cednost-147x150.jpg 147w, http:\/\/bosnazemljabozijemilosti.ba\/wp-content\/uploads\/2015\/11\/\u010cednost.jpg 565w\" sizes=\"auto, (max-width: 317px) 100vw, 317px\" \/><\/a>&nbsp; &nbsp; &nbsp;&nbsp;<a href=\"http:\/\/bosnazemljabozijemilosti.ba\/wp-content\/uploads\/2015\/11\/djeca-i-trnje.jpg\" rel=\"attachment wp-att-1711\"><img loading=\"lazy\" decoding=\"async\" class=\"alignnone wp-image-1711\" src=\"http:\/\/bosnazemljabozijemilosti.ba\/wp-content\/uploads\/2015\/11\/djeca-i-trnje-300x300.jpg\" alt=\"djeca i trnje\" width=\"321\" height=\"321\" srcset=\"http:\/\/bosnazemljabozijemilosti.ba\/wp-content\/uploads\/2015\/11\/djeca-i-trnje-300x300.jpg 300w, http:\/\/bosnazemljabozijemilosti.ba\/wp-content\/uploads\/2015\/11\/djeca-i-trnje-150x150.jpg 150w, http:\/\/bosnazemljabozijemilosti.ba\/wp-content\/uploads\/2015\/11\/djeca-i-trnje.jpg 580w\" sizes=\"auto, (max-width: 321px) 100vw, 321px\" \/><\/a><\/p>\n<p>\u010cednost &nbsp; &nbsp; &nbsp; &nbsp; &nbsp; &nbsp; &nbsp; &nbsp; &nbsp; &nbsp; &nbsp; &nbsp; &nbsp; &nbsp; &nbsp; &nbsp; &nbsp; &nbsp; &nbsp; &nbsp; &nbsp; &nbsp; &nbsp; &nbsp; &nbsp; &nbsp; &nbsp; &nbsp; &nbsp; &nbsp; &nbsp; &nbsp; &nbsp; &nbsp; &nbsp; &nbsp; &nbsp; &nbsp; &nbsp; &nbsp;Djeca i trnje<\/p>\n<p><a href=\"http:\/\/bosnazemljabozijemilosti.ba\/wp-content\/uploads\/2015\/11\/drvo-\u017eivota-i-smrti.jpg\" rel=\"attachment wp-att-1712\"><img loading=\"lazy\" decoding=\"async\" class=\"alignnone wp-image-1712\" src=\"http:\/\/bosnazemljabozijemilosti.ba\/wp-content\/uploads\/2015\/11\/drvo-\u017eivota-i-smrti-229x300.jpg\" alt=\"drvo \u017eivota i smrti\" width=\"296\" height=\"388\" srcset=\"http:\/\/bosnazemljabozijemilosti.ba\/wp-content\/uploads\/2015\/11\/drvo-\u017eivota-i-smrti-229x300.jpg 229w, http:\/\/bosnazemljabozijemilosti.ba\/wp-content\/uploads\/2015\/11\/drvo-\u017eivota-i-smrti-781x1024.jpg 781w, http:\/\/bosnazemljabozijemilosti.ba\/wp-content\/uploads\/2015\/11\/drvo-\u017eivota-i-smrti-114x150.jpg 114w, http:\/\/bosnazemljabozijemilosti.ba\/wp-content\/uploads\/2015\/11\/drvo-\u017eivota-i-smrti.jpg 853w\" sizes=\"auto, (max-width: 296px) 100vw, 296px\" \/><\/a>&nbsp; &nbsp; &nbsp;<a href=\"http:\/\/bosnazemljabozijemilosti.ba\/wp-content\/uploads\/2015\/11\/\u0111ardin4.jpg\" rel=\"attachment wp-att-1714\"><img loading=\"lazy\" decoding=\"async\" class=\"alignnone wp-image-1714\" src=\"http:\/\/bosnazemljabozijemilosti.ba\/wp-content\/uploads\/2015\/11\/\u0111ardin4-218x300.jpg\" alt=\"\u0111ardin4\" width=\"282\" height=\"388\" srcset=\"http:\/\/bosnazemljabozijemilosti.ba\/wp-content\/uploads\/2015\/11\/\u0111ardin4-218x300.jpg 218w, http:\/\/bosnazemljabozijemilosti.ba\/wp-content\/uploads\/2015\/11\/\u0111ardin4-744x1024.jpg 744w, http:\/\/bosnazemljabozijemilosti.ba\/wp-content\/uploads\/2015\/11\/\u0111ardin4-109x150.jpg 109w, http:\/\/bosnazemljabozijemilosti.ba\/wp-content\/uploads\/2015\/11\/\u0111ardin4.jpg 1275w\" sizes=\"auto, (max-width: 282px) 100vw, 282px\" \/><\/a><\/p>\n<p>Drvo \u017eivota i smrti &nbsp; &nbsp; &nbsp; &nbsp; &nbsp; &nbsp; &nbsp; &nbsp; &nbsp; &nbsp; &nbsp; &nbsp; &nbsp; &nbsp; &nbsp; &nbsp; &nbsp; &nbsp; &nbsp; &nbsp; &nbsp; &nbsp; &nbsp; &nbsp; &nbsp; &nbsp; &nbsp;\u0110ardin 4.<\/p>\n<p><a href=\"http:\/\/bosnazemljabozijemilosti.ba\/wp-content\/uploads\/2015\/11\/\u0111ardin-1.jpg\" rel=\"attachment wp-att-1715\"><img loading=\"lazy\" decoding=\"async\" class=\"alignnone wp-image-1715\" src=\"http:\/\/bosnazemljabozijemilosti.ba\/wp-content\/uploads\/2015\/11\/\u0111ardin-1-294x300.jpg\" alt=\"\u0111ardin 1\" width=\"306\" height=\"312\" srcset=\"http:\/\/bosnazemljabozijemilosti.ba\/wp-content\/uploads\/2015\/11\/\u0111ardin-1-294x300.jpg 294w, http:\/\/bosnazemljabozijemilosti.ba\/wp-content\/uploads\/2015\/11\/\u0111ardin-1-147x150.jpg 147w, http:\/\/bosnazemljabozijemilosti.ba\/wp-content\/uploads\/2015\/11\/\u0111ardin-1.jpg 580w\" sizes=\"auto, (max-width: 306px) 100vw, 306px\" \/><\/a>&nbsp; &nbsp;<a href=\"http:\/\/bosnazemljabozijemilosti.ba\/wp-content\/uploads\/2015\/11\/\u0111ardin-2.jpg\" rel=\"attachment wp-att-1716\"><img loading=\"lazy\" decoding=\"async\" class=\"alignnone wp-image-1716\" src=\"http:\/\/bosnazemljabozijemilosti.ba\/wp-content\/uploads\/2015\/11\/\u0111ardin-2-300x295.jpg\" alt=\"\u0111ardin 2\" width=\"321\" height=\"316\" srcset=\"http:\/\/bosnazemljabozijemilosti.ba\/wp-content\/uploads\/2015\/11\/\u0111ardin-2-300x295.jpg 300w, http:\/\/bosnazemljabozijemilosti.ba\/wp-content\/uploads\/2015\/11\/\u0111ardin-2-152x150.jpg 152w, http:\/\/bosnazemljabozijemilosti.ba\/wp-content\/uploads\/2015\/11\/\u0111ardin-2-150x148.jpg 150w, http:\/\/bosnazemljabozijemilosti.ba\/wp-content\/uploads\/2015\/11\/\u0111ardin-2.jpg 590w\" sizes=\"auto, (max-width: 321px) 100vw, 321px\" \/><\/a><\/p>\n<p>\u0110ardin 1 &nbsp; &nbsp; &nbsp; &nbsp; &nbsp; &nbsp; &nbsp; &nbsp; &nbsp; &nbsp; &nbsp; &nbsp; &nbsp; &nbsp; &nbsp; &nbsp; &nbsp; &nbsp; &nbsp; &nbsp; &nbsp; &nbsp; &nbsp; &nbsp; &nbsp; &nbsp; &nbsp; &nbsp; &nbsp; &nbsp; &nbsp; &nbsp; &nbsp; &nbsp; &nbsp; &nbsp; &nbsp; &nbsp; &nbsp; &nbsp; &nbsp; &nbsp; &nbsp; &nbsp; \u0110ardin 2<\/p>\n<p><a href=\"http:\/\/bosnazemljabozijemilosti.ba\/wp-content\/uploads\/2015\/11\/\u0111ardin1.jpg\" rel=\"attachment wp-att-1717\"><img loading=\"lazy\" decoding=\"async\" class=\"alignnone wp-image-1717\" src=\"http:\/\/bosnazemljabozijemilosti.ba\/wp-content\/uploads\/2015\/11\/\u0111ardin1-292x300.jpg\" alt=\"\u0111ardin\" width=\"290\" height=\"298\"><\/a>&nbsp; &nbsp;&nbsp;<a href=\"http:\/\/bosnazemljabozijemilosti.ba\/wp-content\/uploads\/2015\/11\/forbege.jpg\" rel=\"attachment wp-att-1718\"><img loading=\"lazy\" decoding=\"async\" class=\"alignnone wp-image-1718\" src=\"http:\/\/bosnazemljabozijemilosti.ba\/wp-content\/uploads\/2015\/11\/forbege-294x300.jpg\" alt=\"forbege\" width=\"296\" height=\"302\" srcset=\"http:\/\/bosnazemljabozijemilosti.ba\/wp-content\/uploads\/2015\/11\/forbege-294x300.jpg 294w, http:\/\/bosnazemljabozijemilosti.ba\/wp-content\/uploads\/2015\/11\/forbege-147x150.jpg 147w, http:\/\/bosnazemljabozijemilosti.ba\/wp-content\/uploads\/2015\/11\/forbege.jpg 575w\" sizes=\"auto, (max-width: 296px) 100vw, 296px\" \/><\/a><\/p>\n<p>\u0110ardin &nbsp; &nbsp; &nbsp; &nbsp; &nbsp; &nbsp; &nbsp; &nbsp; &nbsp; &nbsp; &nbsp; &nbsp; &nbsp; &nbsp; &nbsp; &nbsp; &nbsp; &nbsp; &nbsp; &nbsp; &nbsp; &nbsp; &nbsp; &nbsp; &nbsp; &nbsp; &nbsp; &nbsp; &nbsp; &nbsp; &nbsp; &nbsp; &nbsp; &nbsp; &nbsp; &nbsp; &nbsp; &nbsp; &nbsp; Fabreger 1.<\/p>\n<p><a href=\"http:\/\/bosnazemljabozijemilosti.ba\/wp-content\/uploads\/2015\/11\/forbeger.jpg\" rel=\"attachment wp-att-1719\"><img loading=\"lazy\" decoding=\"async\" class=\"alignnone wp-image-1719\" src=\"http:\/\/bosnazemljabozijemilosti.ba\/wp-content\/uploads\/2015\/11\/forbeger-300x300.jpg\" alt=\"forbeger\" width=\"436\" height=\"436\" srcset=\"http:\/\/bosnazemljabozijemilosti.ba\/wp-content\/uploads\/2015\/11\/forbeger-300x300.jpg 300w, http:\/\/bosnazemljabozijemilosti.ba\/wp-content\/uploads\/2015\/11\/forbeger-150x150.jpg 150w, http:\/\/bosnazemljabozijemilosti.ba\/wp-content\/uploads\/2015\/11\/forbeger.jpg 590w\" sizes=\"auto, (max-width: 436px) 100vw, 436px\" \/><\/a><\/p>\n<p>Fabreger 2.<\/p>\n<p><a href=\"http:\/\/bosnazemljabozijemilosti.ba\/wp-content\/uploads\/2015\/11\/grad-\u010dednosti.jpg\" rel=\"attachment wp-att-1722\"><img loading=\"lazy\" decoding=\"async\" class=\"alignnone wp-image-1722\" src=\"http:\/\/bosnazemljabozijemilosti.ba\/wp-content\/uploads\/2015\/11\/grad-\u010dednosti-287x300.jpg\" alt=\"grad \u010dednosti\" width=\"283\" height=\"296\" srcset=\"http:\/\/bosnazemljabozijemilosti.ba\/wp-content\/uploads\/2015\/11\/grad-\u010dednosti-287x300.jpg 287w, http:\/\/bosnazemljabozijemilosti.ba\/wp-content\/uploads\/2015\/11\/grad-\u010dednosti-143x150.jpg 143w, http:\/\/bosnazemljabozijemilosti.ba\/wp-content\/uploads\/2015\/11\/grad-\u010dednosti.jpg 570w\" sizes=\"auto, (max-width: 283px) 100vw, 283px\" \/><\/a>&nbsp; &nbsp; &nbsp;&nbsp;<a href=\"http:\/\/bosnazemljabozijemilosti.ba\/wp-content\/uploads\/2015\/11\/hridina.jpg\" rel=\"attachment wp-att-1726\"><img loading=\"lazy\" decoding=\"async\" class=\"alignnone wp-image-1726\" src=\"http:\/\/bosnazemljabozijemilosti.ba\/wp-content\/uploads\/2015\/11\/hridina-289x300.jpg\" alt=\"hridina\" width=\"285\" height=\"296\" srcset=\"http:\/\/bosnazemljabozijemilosti.ba\/wp-content\/uploads\/2015\/11\/hridina-289x300.jpg 289w, http:\/\/bosnazemljabozijemilosti.ba\/wp-content\/uploads\/2015\/11\/hridina-145x150.jpg 145w, http:\/\/bosnazemljabozijemilosti.ba\/wp-content\/uploads\/2015\/11\/hridina.jpg 565w\" sizes=\"auto, (max-width: 285px) 100vw, 285px\" \/><\/a><\/p>\n<p>Grad \u010dednosti &nbsp; &nbsp; &nbsp; &nbsp; &nbsp; &nbsp; &nbsp; &nbsp; &nbsp; &nbsp; &nbsp; &nbsp; &nbsp; &nbsp; &nbsp; &nbsp; &nbsp; &nbsp; &nbsp; &nbsp; &nbsp; &nbsp; &nbsp; &nbsp; &nbsp; &nbsp; &nbsp; &nbsp; &nbsp; &nbsp; &nbsp; &nbsp; &nbsp; &nbsp; &nbsp; &nbsp; &nbsp; &nbsp; &nbsp; &nbsp; Hridina<\/p>","protected":false},"excerpt":{"rendered":"<p>Autior Hajro \u0160abanad\u017eovi\u0107 &nbsp;&nbsp;&nbsp; Bosna zemlja Bo\u017eije milosti &nbsp; &nbsp; &nbsp; &nbsp; &nbsp; &nbsp; &nbsp; &nbsp; &nbsp; &nbsp; &nbsp; &nbsp; &nbsp; &nbsp; &nbsp; &nbsp; &nbsp; &nbsp; &nbsp; &nbsp; &nbsp; &nbsp; &nbsp;Bosna &nbsp; &nbsp; &nbsp; Cvije\u0107e &nbsp; &nbsp; &nbsp; &nbsp; &nbsp; &nbsp; &nbsp; &nbsp; &nbsp; &nbsp; &nbsp; &nbsp; &nbsp; &nbsp; &nbsp;\u2026 <a class=\"continue-reading-link\" href=\"http:\/\/bosnazemljabozijemilosti.ba\/?p=5738\">Pro\u010ditajte vi\u0161e&#8230;<\/a><\/p>\n","protected":false},"author":1,"featured_media":0,"comment_status":"open","ping_status":"closed","sticky":false,"template":"","format":"standard","meta":{"footnotes":""},"categories":[33,38],"tags":[],"class_list":["post-5738","post","type-post","status-publish","format-standard","hentry","category-galerije","category-pretponocna-galerija"],"_links":{"self":[{"href":"http:\/\/bosnazemljabozijemilosti.ba\/index.php?rest_route=\/wp\/v2\/posts\/5738","targetHints":{"allow":["GET"]}}],"collection":[{"href":"http:\/\/bosnazemljabozijemilosti.ba\/index.php?rest_route=\/wp\/v2\/posts"}],"about":[{"href":"http:\/\/bosnazemljabozijemilosti.ba\/index.php?rest_route=\/wp\/v2\/types\/post"}],"author":[{"embeddable":true,"href":"http:\/\/bosnazemljabozijemilosti.ba\/index.php?rest_route=\/wp\/v2\/users\/1"}],"replies":[{"embeddable":true,"href":"http:\/\/bosnazemljabozijemilosti.ba\/index.php?rest_route=%2Fwp%2Fv2%2Fcomments&post=5738"}],"version-history":[{"count":8,"href":"http:\/\/bosnazemljabozijemilosti.ba\/index.php?rest_route=\/wp\/v2\/posts\/5738\/revisions"}],"predecessor-version":[{"id":93891,"href":"http:\/\/bosnazemljabozijemilosti.ba\/index.php?rest_route=\/wp\/v2\/posts\/5738\/revisions\/93891"}],"wp:attachment":[{"href":"http:\/\/bosnazemljabozijemilosti.ba\/index.php?rest_route=%2Fwp%2Fv2%2Fmedia&parent=5738"}],"wp:term":[{"taxonomy":"category","embeddable":true,"href":"http:\/\/bosnazemljabozijemilosti.ba\/index.php?rest_route=%2Fwp%2Fv2%2Fcategories&post=5738"},{"taxonomy":"post_tag","embeddable":true,"href":"http:\/\/bosnazemljabozijemilosti.ba\/index.php?rest_route=%2Fwp%2Fv2%2Ftags&post=5738"}],"curies":[{"name":"wp","href":"https:\/\/api.w.org\/{rel}","templated":true}]}}