{"id":34557,"date":"2026-04-05T20:08:00","date_gmt":"2026-04-05T18:08:00","guid":{"rendered":"http:\/\/bosnazemljabozijemilosti.ba\/?p=34557"},"modified":"2026-04-04T23:42:58","modified_gmt":"2026-04-04T21:42:58","slug":"nas-prijatelj-ivica-matic-veceras-slavi-bozic","status":"publish","type":"post","link":"http:\/\/bosnazemljabozijemilosti.ba\/?p=34557","title":{"rendered":"Na\u0161 prijatelj Ivica Mati\u0107 ve\u010deras slavi Uskrs"},"content":{"rendered":"<p><iframe loading=\"lazy\" title=\"DA TE SAMO DOTAKNEM\" width=\"800\" height=\"600\" src=\"https:\/\/www.youtube.com\/embed\/3brQPC8cWQ0?feature=oembed\" frameborder=\"0\" allow=\"accelerometer; autoplay; clipboard-write; encrypted-media; gyroscope; picture-in-picture; web-share\" referrerpolicy=\"strict-origin-when-cross-origin\" allowfullscreen><\/iframe><\/p>\n<div class=\"entry-content\">\n<p><a href=\"http:\/\/bosnazemljabozijemilosti.ba\/wp-content\/uploads\/2017\/04\/Svjetlost-Uskr\u0161njih-Blagdna.jpg\"><img loading=\"lazy\" decoding=\"async\" class=\"alignnone wp-image-34548\" src=\"http:\/\/bosnazemljabozijemilosti.ba\/wp-content\/uploads\/2017\/04\/Svjetlost-Uskr\u0161njih-Blagdna-300x203.jpg\" alt=\"\" width=\"311\" height=\"211\" srcset=\"http:\/\/bosnazemljabozijemilosti.ba\/wp-content\/uploads\/2017\/04\/Svjetlost-Uskr\u0161njih-Blagdna-300x203.jpg 300w, http:\/\/bosnazemljabozijemilosti.ba\/wp-content\/uploads\/2017\/04\/Svjetlost-Uskr\u0161njih-Blagdna-768x520.jpg 768w, http:\/\/bosnazemljabozijemilosti.ba\/wp-content\/uploads\/2017\/04\/Svjetlost-Uskr\u0161njih-Blagdna-222x150.jpg 222w, http:\/\/bosnazemljabozijemilosti.ba\/wp-content\/uploads\/2017\/04\/Svjetlost-Uskr\u0161njih-Blagdna-150x102.jpg 150w, http:\/\/bosnazemljabozijemilosti.ba\/wp-content\/uploads\/2017\/04\/Svjetlost-Uskr\u0161njih-Blagdna.jpg 888w\" sizes=\"auto, (max-width: 311px) 100vw, 311px\" \/>\u00a0 <\/a><\/p>\n<\/div>\n<p><a href=\"http:\/\/bosnazemljabozijemilosti.ba\/wp-content\/uploads\/2017\/04\/Rajsko-snovi\u0111enje.jpg\"><img loading=\"lazy\" decoding=\"async\" class=\"alignnone size-medium wp-image-33862\" src=\"http:\/\/bosnazemljabozijemilosti.ba\/wp-content\/uploads\/2017\/04\/Rajsko-snovi\u0111enje-300x210.jpg\" alt=\"\" width=\"300\" height=\"210\" srcset=\"http:\/\/bosnazemljabozijemilosti.ba\/wp-content\/uploads\/2017\/04\/Rajsko-snovi\u0111enje-300x210.jpg 300w, http:\/\/bosnazemljabozijemilosti.ba\/wp-content\/uploads\/2017\/04\/Rajsko-snovi\u0111enje-768x537.jpg 768w, http:\/\/bosnazemljabozijemilosti.ba\/wp-content\/uploads\/2017\/04\/Rajsko-snovi\u0111enje-215x150.jpg 215w, http:\/\/bosnazemljabozijemilosti.ba\/wp-content\/uploads\/2017\/04\/Rajsko-snovi\u0111enje-150x105.jpg 150w, http:\/\/bosnazemljabozijemilosti.ba\/wp-content\/uploads\/2017\/04\/Rajsko-snovi\u0111enje.jpg 800w\" sizes=\"auto, (max-width: 300px) 100vw, 300px\" \/>\u00a0 <\/a><a href=\"http:\/\/bosnazemljabozijemilosti.ba\/wp-content\/uploads\/2017\/03\/Plava-bajka.jpg\"><img loading=\"lazy\" decoding=\"async\" class=\"alignnone size-medium wp-image-33182\" src=\"http:\/\/bosnazemljabozijemilosti.ba\/wp-content\/uploads\/2017\/03\/Plava-bajka-300x212.jpg\" alt=\"\" width=\"300\" height=\"212\" srcset=\"http:\/\/bosnazemljabozijemilosti.ba\/wp-content\/uploads\/2017\/03\/Plava-bajka-300x212.jpg 300w, http:\/\/bosnazemljabozijemilosti.ba\/wp-content\/uploads\/2017\/03\/Plava-bajka-768x543.jpg 768w, http:\/\/bosnazemljabozijemilosti.ba\/wp-content\/uploads\/2017\/03\/Plava-bajka-212x150.jpg 212w, http:\/\/bosnazemljabozijemilosti.ba\/wp-content\/uploads\/2017\/03\/Plava-bajka-150x106.jpg 150w, http:\/\/bosnazemljabozijemilosti.ba\/wp-content\/uploads\/2017\/03\/Plava-bajka.jpg 800w\" sizes=\"auto, (max-width: 300px) 100vw, 300px\" \/><\/a><\/p>\n<p><a href=\"http:\/\/bosnazemljabozijemilosti.ba\/wp-content\/uploads\/2017\/03\/Violetni-nesta\u0161luci.jpg\"><img loading=\"lazy\" decoding=\"async\" class=\"alignnone size-medium wp-image-33112\" src=\"http:\/\/bosnazemljabozijemilosti.ba\/wp-content\/uploads\/2017\/03\/Violetni-nesta\u0161luci-300x236.jpg\" alt=\"\" width=\"300\" height=\"236\" srcset=\"http:\/\/bosnazemljabozijemilosti.ba\/wp-content\/uploads\/2017\/03\/Violetni-nesta\u0161luci-300x236.jpg 300w, http:\/\/bosnazemljabozijemilosti.ba\/wp-content\/uploads\/2017\/03\/Violetni-nesta\u0161luci-191x150.jpg 191w, http:\/\/bosnazemljabozijemilosti.ba\/wp-content\/uploads\/2017\/03\/Violetni-nesta\u0161luci-150x118.jpg 150w, http:\/\/bosnazemljabozijemilosti.ba\/wp-content\/uploads\/2017\/03\/Violetni-nesta\u0161luci.jpg 764w\" sizes=\"auto, (max-width: 300px) 100vw, 300px\" \/><\/a>\u00a0 <a href=\"http:\/\/bosnazemljabozijemilosti.ba\/wp-content\/uploads\/2017\/03\/Sveti\u0161te.jpg\"><img loading=\"lazy\" decoding=\"async\" class=\"alignnone size-medium wp-image-32920\" src=\"http:\/\/bosnazemljabozijemilosti.ba\/wp-content\/uploads\/2017\/03\/Sveti\u0161te-300x211.jpg\" alt=\"\" width=\"300\" height=\"211\" srcset=\"http:\/\/bosnazemljabozijemilosti.ba\/wp-content\/uploads\/2017\/03\/Sveti\u0161te-300x211.jpg 300w, http:\/\/bosnazemljabozijemilosti.ba\/wp-content\/uploads\/2017\/03\/Sveti\u0161te-768x540.jpg 768w, http:\/\/bosnazemljabozijemilosti.ba\/wp-content\/uploads\/2017\/03\/Sveti\u0161te-213x150.jpg 213w, http:\/\/bosnazemljabozijemilosti.ba\/wp-content\/uploads\/2017\/03\/Sveti\u0161te-150x106.jpg 150w, http:\/\/bosnazemljabozijemilosti.ba\/wp-content\/uploads\/2017\/03\/Sveti\u0161te.jpg 800w\" sizes=\"auto, (max-width: 300px) 100vw, 300px\" \/><\/a><\/p>\n<p><a href=\"http:\/\/bosnazemljabozijemilosti.ba\/wp-content\/uploads\/2017\/01\/\u010carolija.jpg\"><img loading=\"lazy\" decoding=\"async\" class=\"alignnone wp-image-31158\" src=\"http:\/\/bosnazemljabozijemilosti.ba\/wp-content\/uploads\/2017\/01\/\u010carolija-194x300.jpg\" alt=\"\" width=\"277\" height=\"429\" srcset=\"http:\/\/bosnazemljabozijemilosti.ba\/wp-content\/uploads\/2017\/01\/\u010carolija-194x300.jpg 194w, http:\/\/bosnazemljabozijemilosti.ba\/wp-content\/uploads\/2017\/01\/\u010carolija-662x1024.jpg 662w, http:\/\/bosnazemljabozijemilosti.ba\/wp-content\/uploads\/2017\/01\/\u010carolija-97x150.jpg 97w, http:\/\/bosnazemljabozijemilosti.ba\/wp-content\/uploads\/2017\/01\/\u010carolija.jpg 694w\" sizes=\"auto, (max-width: 277px) 100vw, 277px\" \/>\u00a0 <\/a><a href=\"http:\/\/bosnazemljabozijemilosti.ba\/wp-content\/uploads\/2017\/01\/Radost-i-ples.jpg\"><img loading=\"lazy\" decoding=\"async\" class=\"alignnone wp-image-30488\" src=\"http:\/\/bosnazemljabozijemilosti.ba\/wp-content\/uploads\/2017\/01\/Radost-i-ples-300x211.jpg\" alt=\"\" width=\"338\" height=\"238\" srcset=\"http:\/\/bosnazemljabozijemilosti.ba\/wp-content\/uploads\/2017\/01\/Radost-i-ples-300x211.jpg 300w, http:\/\/bosnazemljabozijemilosti.ba\/wp-content\/uploads\/2017\/01\/Radost-i-ples-768x540.jpg 768w, http:\/\/bosnazemljabozijemilosti.ba\/wp-content\/uploads\/2017\/01\/Radost-i-ples-213x150.jpg 213w, http:\/\/bosnazemljabozijemilosti.ba\/wp-content\/uploads\/2017\/01\/Radost-i-ples-150x106.jpg 150w, http:\/\/bosnazemljabozijemilosti.ba\/wp-content\/uploads\/2017\/01\/Radost-i-ples.jpg 800w\" sizes=\"auto, (max-width: 338px) 100vw, 338px\" \/><\/a><\/p>\n<div class=\"entry-content\">\n<p>Na\u0161 prijatelj Ivica Mati\u0107 ve\u010deras slavi UskrsI<\/p>\n<p>Veselo i toplo je u njegovom \u00a0domu.<\/p>\n<p>Uvijek je bilo.<\/p>\n<p>I ve\u010deras \u0107e .<\/p>\n<p>Blagdan je.<\/p>\n<p>Ktomu \u0107e dom \u00a0biti pun dobrih djevoj\u010dica i ljudi.<\/p>\n<p>Dobrica\u00a0 je\u00a0 na\u0161 Ivica.<\/p>\n<p>Velika.<\/p>\n<p>I samo se sa takvim bi\u0107ima dru\u017ei.<\/p>\n<p>Mo\u017eda \u0107e nas se sjetiti i nazdraviti nam za pro\u0161le dane.<\/p>\n<p>I budu\u0107e.<\/p>\n<p>Sretan je Ivica \u010dovjek.<\/p>\n<p>A nije \u00a0\u00a0dobro krenuo njegov \u017eivot.<\/p>\n<p>&nbsp;<\/p>\n<p>Bija\u0161e nejako dijete kada mu je umro otac.<\/p>\n<p>Nije ga previ\u0161e zapamtio\u00a0 jer je radio\u00a0 u tujini.<\/p>\n<p>Morala je oti\u0107i\u00a0 i njegova majka , kad je ostala samohrana.<\/p>\n<p>Trbuhom za kruhom.<\/p>\n<p>&nbsp;<\/p>\n<p>A Ivica?<\/p>\n<p>Ne pitajte.<\/p>\n<p>Ipak re\u0107i \u0107emo, iako ga boli , on to ne pominje.<\/p>\n<p>Osta dijete kod rodbine, daleko od rodnog grada.<\/p>\n<p>Nisu ni neka rodbina bili.<\/p>\n<p>Stranci ,kom\u0161ije.<\/p>\n<p>Rodbina je rodbina, a siro\u010de je siro\u010de.<\/p>\n<p>&nbsp;<\/p>\n<p>Dijete je , odjednom, \u00a0samo .<\/p>\n<p>Oca nema. Zna da se ne\u0107e vratiti.<\/p>\n<p>Majku ima, ali je daleko.<\/p>\n<p>Jo\u0161 ne zna dijete da se ni ona nikad\u00a0 vratiti ne\u0107e.<\/p>\n<p>&nbsp;<\/p>\n<p>Navrati\u0107e\u00a0 jednom ,\u00a0 ajd\u2019 recimo dvaputa godi\u0161nje.<\/p>\n<p>O , da.<\/p>\n<p>Dobro se ona brine o njemu.<\/p>\n<p>Sve on ima.<\/p>\n<p>I igra\u010daka vi\u0161e nego drugi.<\/p>\n<p>I \u0111eparac za dva-tri dje\u010daka.<\/p>\n<p>I novu vestu , pantalone i cipele.<\/p>\n<p>\u010cak i sat.<\/p>\n<p>Marvil ili darvil?<\/p>\n<p>Obadva.<\/p>\n<p>Jedan za jutanju \u00a0, drugi za onu laku no\u0107 suzu.<\/p>\n<p>&nbsp;<\/p>\n<p>Ne , ne pla\u010de on.<\/p>\n<p>Nikada.<\/p>\n<p>Nego ni\u0161ta ga\u00a0 ne pitaju te nevine dijetinje suze.<\/p>\n<p>Samo krenu.<\/p>\n<p>\u010ciste i \u010destite kao kap rose.<\/p>\n<p>Nisu ba\u0161 poslu\u0161ne te dje\u010dije suze.<\/p>\n<p>Zar ne , Ivice ?<\/p>\n<p>&nbsp;<\/p>\n<p>Mnogo bole.<\/p>\n<p>I slane su.<\/p>\n<p>A milovanje po kosi?<\/p>\n<p>A poljubac za laku no\u0107?<\/p>\n<p>A dobro jutro sine,! Da li si lijepo sanjao?<\/p>\n<p>Toga nema.<\/p>\n<p>Insan se na sve navikne.<\/p>\n<p>Dijete malo te\u017ee.<\/p>\n<p>I ne zaboravlja.<\/p>\n<p>&nbsp;<\/p>\n<p>La\u017eemo!<\/p>\n<p>Bude toga .<\/p>\n<p>Dvije sedmice ljetnog ferja.<\/p>\n<p>Ponekad za Bo\u017ei\u0107.<\/p>\n<p>Za uskrs\u00a0 ,\u00a0 ve\u0107 ne.<\/p>\n<p>&nbsp;<\/p>\n<p>O blagdanima do\u0111e dodatna nov\u010dana uputnica.<\/p>\n<p>A uputnicu jo\u0161 nisu nau\u010dili da pomiluje i poljubac da.<\/p>\n<p>Da zagrli, nemo\u0107na je.<\/p>\n<p>Da je priglli\u0161 srcu.<\/p>\n<p>Ne ide.<\/p>\n<p>Srce se nikad ne navikne na novac umjesto nje\u017enosti i ljubavi..<\/p>\n<p>Ima i mnogo lijepih i iskrenih \u017eelja i pozdrava.<\/p>\n<p>Bude na kraju i ono:<\/p>\n<p>Budi dobar!<\/p>\n<p>&nbsp;<\/p>\n<p>Dijete slegne ramenima i pomisli:<\/p>\n<p>&#8220;-Neuk svijet.<\/p>\n<p>\u0160ta mi drugo preostaje!<\/p>\n<p>Jedino je Mili Bog stalno sa mnom i dobroti i milosti\u00a0 me u\u010di .<\/p>\n<p>Onako nje\u017eno.<\/p>\n<p>Roditeljski. &#8220;<\/p>\n<p>&nbsp;<\/p>\n<p>Odrasli znaju samo savjete davati.<\/p>\n<p>Budi poslu\u0161an.<\/p>\n<p>A svako dijete se rodi takvo.<\/p>\n<p>Sa Bo\u017ejom milo\u0161\u0107u i ljubavlju.<\/p>\n<p>Odrasli ih stegama kvare.<\/p>\n<p>Ivicu nije imao ko da kvari.<\/p>\n<p>Na\u017ealost.<\/p>\n<p>&nbsp;<\/p>\n<p>Ne sje\u0107a se dobro dodira , milovanja i poljubaca u djetinjim danima.<\/p>\n<p>Kasnije je odrastao , pa nije bilo zgodno.<\/p>\n<p>Snova se sje\u0107a.<\/p>\n<p>Svih.<\/p>\n<p>Svi su vezani za majku ,\u00a0dodire, milovanja i poljubce.<\/p>\n<p>Ti snovi najvi\u0161e bole.<\/p>\n<p>I ostaju urezani\u00a0zauvijek , jer su neispunjueni.<\/p>\n<p>&nbsp;<\/p>\n<p>I tamo u tujini je sestru dobio.<\/p>\n<p>Nikad upoznao do kraja . Onako bratski , po na\u0161ki , Bosanski .<\/p>\n<p>Da je povu\u010de za kiku ili je malo gurne.<\/p>\n<p>Ali i zagrli od srca , djetinje.<\/p>\n<p>&nbsp;<\/p>\n<p>Rekli smo na\u0161 Ivica je sretnik.<\/p>\n<p>Sve je u parovima.<\/p>\n<p>Usud uvijek plete mre\u017ee.<\/p>\n<p>Ali on samo izvr\u0161ava ono \u0161to mu Nebo ka\u017ee.<\/p>\n<p>Posla\u0161e ga u na\u0161 Grad \u010dednosti.<\/p>\n<p>Drugi i ve\u0107i gradovi\u00a0 su bili bli\u017ei mjestu odrastanja.<\/p>\n<p>Dobro je ispalo za Ivicu.<\/p>\n<p>Posla\u0161e ga u Sarajevo da u\u010di i postane \u010dovjek.<\/p>\n<p>A Ivica \u00a0je postao\u00a0 \u010dovjek<\/p>\n<p>i prije nego \u0161to se ustoli\u010dio kao\u00a0podstanar u na\u0161em gradu.<\/p>\n<p>Grad i ljudi su mu u po\u010detku bili malo strani.<\/p>\n<p>Barem neobi\u010dni. Nekako su se slo\u017eili.<\/p>\n<p>Kasnije se navikao.<\/p>\n<p>Usamljena djeca\u00a0 se lako naviknu na sve.<\/p>\n<p>Grad i Ivica su utjecali jedan na drgugoga.<\/p>\n<p>Podjelili su su\u0111enu im dobrotu i plemenitost.<\/p>\n<p>Usamljeno dijete je postajalo ljudina.<\/p>\n<p>Nedostajali\u00a0 su mu oni nedosanjani valeri i nje\u017enosti<\/p>\n<p>&nbsp;<\/p>\n<p>A onda je jedna grlica sletila u njegov zagrljaj.<\/p>\n<p>Ne znamo, \u00a0ko kome nije dao mira<\/p>\n<p>i ko koga nije ni za tren pu\u0161tao.<\/p>\n<p>\u0160alimo se.<\/p>\n<p>Za sve treba dvoje.<\/p>\n<p>Ljubav im bila su\u0111ena.<\/p>\n<p>I to je bilo to i ni\u0161ta vi\u0161e.<\/p>\n<p>Jedina i prava ljubav za \u010ditav \u017eivot.<\/p>\n<p>Imaju dvoje djece. Dvije prekrasne grlice.<\/p>\n<p>I tast mu Eso Mrak ima dvije djevoj\u010dice.<\/p>\n<p>Jednu je Ivici od srca darovao.<\/p>\n<p>Eso nije Ivici bio samo tast.<\/p>\n<p>Bio mu je najbolji prijatelj, kao drugi otac.<\/p>\n<p>Prije\u00a0 nekoliko godina malo poslije Uskrsa ode nam Eso Mrak.<\/p>\n<p>Iznenada. Skoro ne\u010dujno.<\/p>\n<p>Malo ga zaboljelo , mislio ni\u0161ta va\u017eno , pa usnio.<\/p>\n<p>Tako odlaze Dobri.<\/p>\n<p>A mogao se jo\u0161 malo dru\u017eiti sa Ivicom i porodicom.<\/p>\n<p>I sa nama. Bilo je nekih dogovora, ali\u2026<\/p>\n<p>&nbsp;<\/p>\n<p>Ivica i porodica su \u00a0 tu\u017eni.<\/p>\n<p>Ni ovaj Uskrs , ni bilo koji slijede\u0107i ne\u0107e biti isti bez Ese.<\/p>\n<p>Ali mjesta za tugu u Ivi\u010dinom domu nema.<\/p>\n<p>Gospod uvijek raduje dobre ljude.<\/p>\n<p>Obradovao je\u00a0 Ivi\u010dinu porodicu za\u00a0 dvije djevoj\u010dice i tri dje\u010daka .<\/p>\n<p>Unu\u010dad. Nora i Vedran. Prije toga Vanja.\u00a0\u00a0<\/p>\n<p>Zatim do\u0111o\u01614e Mila i Alek.<\/p>\n<p>Bokor prekrasnog Cvije\u0107a.<\/p>\n<p>Rastu ma\u0161ala.<\/p>\n<p>Vidi se bi\u0107e oni i lijepi i dobri.<\/p>\n<p>Kao i svi u Ivi\u010dinom okru\u017eenju.<\/p>\n<p>&nbsp;<\/p>\n<p>\u010cestiti i Blagoslovljen Uskrs\u00a0 Ivice ,<\/p>\n<p>tebi i porodici.<\/p>\n<p>Ne\u0107emo ti mnogo toga za\u017eeljeti.<\/p>\n<p>Samo zdravlje i sre\u0107e.<\/p>\n<p>Ljubav i snove si sam sebi\u00a0 uz Bo\u017eiju\u00a0 Milost\u00a0<\/p>\n<p>i s ljubavlju ljube jedine ispunio.<\/p>\n<p>Ne treba ti\u00a0ni\u0161ta vi\u0161e.<\/p>\n<p>&nbsp;<\/p>\n<p>Dopisano\u00a0 Aprila 2018.<\/p>\n<p>Ivice,<\/p>\n<p>Znamo , zasigurno znamo,<\/p>\n<p>kao i uvijek prije\u00a0<\/p>\n<p>bi\u0107e sa vama , va\u0161\u00a0 i na\u0161 , Eso Mrakovi\u0107.<\/p>\n<p>Mora .<\/p>\n<p>Ljudina je to.<\/p>\n<p>I uvijek je znao gdje mu je mjesto.<\/p>\n<p>Kome pripada.<\/p>\n<p>Uz\u00a0 Ai\u0161u , svoje djevoj\u010dice\u00a0 i Porodicu.<\/p>\n<p>I sve vas voli.<\/p>\n<p>Ako osjetite lagano je\u017eenje , mirisan dah ,<\/p>\n<p>znajte da je\u00a0 to od miline i dobrote kojom vas Eso grli i voli .<\/p>\n<\/div>\n<p>Dopisano Aprila 2019,<\/p>\n<div class=\"body-posta\">\n<p>Danas je tri godine\u00a0 od kada je na\u0161 prijatelj Eso Mrakovi\u0107 usnio.<\/p>\n<p>Ai\u0161a bija\u0161e, ali\u00a0 vi\u0161e nije neutje\u0161na.<\/p>\n<p>Skoro tri godine je \u010dekala da joj Eso kucne na pen\u0111ere ,da je pozove da sa njim krene tamo gdje\u00a0 \u0107e ponovo biti\u00a0 zajedno .<\/p>\n<p>Skoro tri godine je bila tiho\u00a0 \u00a0sa blagim osmjehom ,\u00a0 koji joj je vje\u010dno titrao na licu.<\/p>\n<p>Ponekad bi se zamislila , uzdahnula i sjena tuge bi joj preletjela nje\u017enim licem.<\/p>\n<\/div>\n<p>Mi smo , iza njenog vje\u010ditog polusmej\u0161ka \u0107utili njenu duboku bol.<\/p>\n<p>Nekako ,kao da se nije vi\u0161e mogla sna\u0107i u ovozemnom \u017eivotu.<\/p>\n<p>Nikako se nije mogla navi\u0107i na samo\u0107u , bez Esinog dodira, glasa, ili samo pogleda.<\/p>\n<p>Povukla se u svoju ti\u0161inu i mir uspomena. Skoro da i nije pri\u010dala.<\/p>\n<p>Tek bi joj o\u010di zaiskrile kada bi se neka od njenih djevojaka ,unuka ili praunu\u010dadi zaletila da je stisnu, da joj poka\u017eu koliko je vole i izraze svoju zahvalnost za \u017eivot, ljubav,sigurnost i dom koji im je darovala.<\/p>\n<p>A bija\u0161e veoma\u00a0 jaka \u017eena . Lijepa, stamena i \u010dvrsta.Vu\u010dica. Do Esine smrti.<\/p>\n<p>Radila je za dvoje i branila porodicu za \u010dopor vukova.<\/p>\n<p>Onaj njen Eso je bio \u010dovjek sa planine. Ponosan i pomalo skita\u010d.<\/p>\n<p>A ona \u010destita, tiha bosanska \u017eena i\u00a0 majka , jaka kao stijena , okosnica porodice.<\/p>\n<p>Od kako Eso umri , po\u010dela se sklanjati u svoju ti\u0161inu, samovati ,\u00a0 gore u obiteljskoj ku\u0107i nadomak Esinog mezara.da nikoga ne smeta,da nije nikome na teretu. I da bude tu kada joj vjetar donese zvuk Esine gitare i zavodljivog\u00a0 poja.<\/p>\n<p>I pozove je.<\/p>\n<p>&nbsp;<\/p>\n<p>Ove zime k\u0107eri i zet\u00a0 je prevari\u0161e\u00a0 i zadr\u017ea\u0161e kod sebe u gradu.<\/p>\n<p>Ali Ai\u0161ino\u00a0 srce nije vi\u0161e mogla da se nosi sa \u017eivotom bez Ese i bez njihove planine.<\/p>\n<p>Skr\u0161ilo se. Odjednom . Kao gran\u010dica.<\/p>\n<p>Umrla je tiho i brzo.Bez bola i patnje.Onako kako umiru od Boga blagoslovljeni insani.<\/p>\n<p>Polo\u017ei\u0161e je odmah do Ese.<\/p>\n<p>Proljetni dan bje\u0161e sun\u010dan i topao .Ptice su crkutale.Psi su veselo skakutali po livadama.<\/p>\n<p>Svi potomci i prijatelji bjehu na ispra\u0107aju.<\/p>\n<p>Nama se \u010dinilo da \u010dujemo veseli eho Esinog smjeha, to je njemu njegova vjerna a\u0161ik ljuba u pohode krenula.<\/p>\n<p>Znamo,\u00a0 da je sada sa Esom , da se smje\u0161kaju jedno drugom, miluju\u00a0 pogledima, dr\u017ee\u0107i se za ruke. Znate ono njihovo mladala\u010dko &#8211; ruka u ruci, lijeva u desnoj, desna u lijevoj\u00a0 &#8230;<\/p>\n<p>A u Ivicinom domu nisu tu\u017eni ni zabrinuti . Ku\u0107a je puna unu\u010dadi ; sada ih je petoro\u00a0 . Alek i Mila upotpuni\u0161e svijet Ivice M. Prelijepi \u017eivot odi dalje\u00a0 i tko zna &#8230;<\/p>\n<p>*<\/p>\n<p>Mir s vama\u00a0 vjernici i dobri ljudi , sretan uskrs\u00a0 i blagoslovljeni bili.<\/p>\n<div class=\"entry-content\">\u00a0<\/div>\n\n\n<pre class=\"wp-block-verse\"><\/pre>\n\n\n\n<pre class=\"wp-block-verse\"><\/pre>\n\n\n\n<pre class=\"wp-block-verse\"><\/pre>\n\n\n\n<pre class=\"wp-block-verse\"><\/pre>\n\n\n\n<pre class=\"wp-block-verse\"><\/pre>\n\n\n\n<pre class=\"wp-block-verse\"><\/pre>\n\n\n\n<pre class=\"wp-block-verse\"><\/pre>\n\n\n\n<pre class=\"wp-block-verse\"><\/pre>\n","protected":false},"excerpt":{"rendered":"<p>\u00a0 \u00a0 \u00a0 \u00a0 Na\u0161 prijatelj Ivica Mati\u0107 ve\u010deras slavi UskrsI Veselo i toplo je u njegovom \u00a0domu. Uvijek je bilo. I ve\u010deras \u0107e . Blagdan je. Ktomu \u0107e dom \u00a0biti pun dobrih djevoj\u010dica i ljudi. Dobrica\u00a0 je\u00a0 na\u0161 Ivica. Velika. I samo se sa takvim bi\u0107ima dru\u017ei. Mo\u017eda \u0107e\u2026 <a class=\"continue-reading-link\" href=\"http:\/\/bosnazemljabozijemilosti.ba\/?p=34557\">Pro\u010ditajte vi\u0161e&#8230;<\/a><\/p>\n","protected":false},"author":1,"featured_media":0,"comment_status":"open","ping_status":"closed","sticky":false,"template":"","format":"standard","meta":{"footnotes":""},"categories":[20],"tags":[],"class_list":["post-34557","post","type-post","status-publish","format-standard","hentry","category-grad-cednosti"],"_links":{"self":[{"href":"http:\/\/bosnazemljabozijemilosti.ba\/index.php?rest_route=\/wp\/v2\/posts\/34557","targetHints":{"allow":["GET"]}}],"collection":[{"href":"http:\/\/bosnazemljabozijemilosti.ba\/index.php?rest_route=\/wp\/v2\/posts"}],"about":[{"href":"http:\/\/bosnazemljabozijemilosti.ba\/index.php?rest_route=\/wp\/v2\/types\/post"}],"author":[{"embeddable":true,"href":"http:\/\/bosnazemljabozijemilosti.ba\/index.php?rest_route=\/wp\/v2\/users\/1"}],"replies":[{"embeddable":true,"href":"http:\/\/bosnazemljabozijemilosti.ba\/index.php?rest_route=%2Fwp%2Fv2%2Fcomments&post=34557"}],"version-history":[{"count":21,"href":"http:\/\/bosnazemljabozijemilosti.ba\/index.php?rest_route=\/wp\/v2\/posts\/34557\/revisions"}],"predecessor-version":[{"id":117930,"href":"http:\/\/bosnazemljabozijemilosti.ba\/index.php?rest_route=\/wp\/v2\/posts\/34557\/revisions\/117930"}],"wp:attachment":[{"href":"http:\/\/bosnazemljabozijemilosti.ba\/index.php?rest_route=%2Fwp%2Fv2%2Fmedia&parent=34557"}],"wp:term":[{"taxonomy":"category","embeddable":true,"href":"http:\/\/bosnazemljabozijemilosti.ba\/index.php?rest_route=%2Fwp%2Fv2%2Fcategories&post=34557"},{"taxonomy":"post_tag","embeddable":true,"href":"http:\/\/bosnazemljabozijemilosti.ba\/index.php?rest_route=%2Fwp%2Fv2%2Ftags&post=34557"}],"curies":[{"name":"wp","href":"https:\/\/api.w.org\/{rel}","templated":true}]}}