{"id":102879,"date":"2026-01-16T21:40:00","date_gmt":"2026-01-16T20:40:00","guid":{"rendered":"http:\/\/bosnazemljabozijemilosti.ba\/?p=102879"},"modified":"2026-01-16T00:03:34","modified_gmt":"2026-01-15T23:03:34","slug":"fadil-redzic-snijeg","status":"publish","type":"post","link":"http:\/\/bosnazemljabozijemilosti.ba\/?p=102879","title":{"rendered":"Fadil Red\u017ei\u0107 &#8211; Snijeg"},"content":{"rendered":"\n<figure class=\"wp-block-embed is-type-video is-provider-youtube wp-block-embed-youtube wp-embed-aspect-16-9 wp-has-aspect-ratio\"><div class=\"wp-block-embed__wrapper\">\n<iframe loading=\"lazy\" title=\"SNIJEG - Radio dva ft. Fadil Red\u017ei\u0107\" width=\"800\" height=\"450\" src=\"https:\/\/www.youtube.com\/embed\/ZkNj2v1zKFI?feature=oembed\" frameborder=\"0\" allow=\"accelerometer; autoplay; clipboard-write; encrypted-media; gyroscope; picture-in-picture; web-share\" allowfullscreen><\/iframe>\n<\/div><\/figure>\n\n\n\n<pre class=\"wp-block-verse\"><\/pre>\n\n\n\n<p><\/p>\n\n\n\n<p>On grudvu pred oca ispred ulaza<\/p>\n\n\n\n<p>A majka jedva do auta preko prilaza<\/p>\n\n\n\n<p>Pa ona sama na brijegu<\/p>\n\n\n\n<p>Iza stakla skorenog od mraza<\/p>\n\n\n\n<p>Sa radija Indexi i tuga<\/p>\n\n\n\n<pre class=\"wp-block-verse\"><\/pre>\n\n\n\n<p>Devedeset druga<\/p>\n\n\n\n<p>Tek po\u010dela a duga<\/p>\n\n\n\n<p>Vjetar naglo s juga<\/p>\n\n\n\n<p>Iza njega \u0161kola i pruga<\/p>\n\n\n\n<pre class=\"wp-block-verse\"><\/pre>\n\n\n\n<p>Devedeset druga<\/p>\n\n\n\n<p>tek po\u010dela a duga<\/p>\n\n\n\n<p>Vjetar naglo s juga<\/p>\n\n\n\n<p>Sa radija Indexi i tuga<\/p>\n\n\n\n<pre class=\"wp-block-verse\"><\/pre>\n\n\n\n<p>I velike o\u010di na djevojci<\/p>\n\n\n\n<p>I rije\u010di o Bogu i majci<\/p>\n\n\n\n<pre class=\"wp-block-verse\"><\/pre>\n\n\n\n<p>O\u010di njegove majke plahtom pokrivene<\/p>\n\n\n\n<p>Otac iz sjene, zagledan u prozore bolnice<\/p>\n\n\n\n<p>U proljetno jutro on biciklom do kraja svoje ulice<\/p>\n\n\n\n<p>Pa sa njom do grada pa do Grbavice<\/p>\n","protected":false},"excerpt":{"rendered":"<p>On grudvu pred oca ispred ulaza A majka jedva do auta preko prilaza Pa ona sama na brijegu Iza stakla skorenog od mraza Sa radija Indexi i tuga Devedeset druga Tek po\u010dela a duga Vjetar naglo s juga Iza njega \u0161kola i pruga Devedeset druga tek po\u010dela a duga Vjetar\u2026 <a class=\"continue-reading-link\" href=\"http:\/\/bosnazemljabozijemilosti.ba\/?p=102879\">Pro\u010ditajte vi\u0161e&#8230;<\/a><\/p>\n","protected":false},"author":1,"featured_media":0,"comment_status":"open","ping_status":"closed","sticky":false,"template":"","format":"standard","meta":{"footnotes":""},"categories":[14,1],"tags":[],"class_list":["post-102879","post","type-post","status-publish","format-standard","hentry","category-indexi-i-gosti","category-nekategorisano"],"_links":{"self":[{"href":"http:\/\/bosnazemljabozijemilosti.ba\/index.php?rest_route=\/wp\/v2\/posts\/102879","targetHints":{"allow":["GET"]}}],"collection":[{"href":"http:\/\/bosnazemljabozijemilosti.ba\/index.php?rest_route=\/wp\/v2\/posts"}],"about":[{"href":"http:\/\/bosnazemljabozijemilosti.ba\/index.php?rest_route=\/wp\/v2\/types\/post"}],"author":[{"embeddable":true,"href":"http:\/\/bosnazemljabozijemilosti.ba\/index.php?rest_route=\/wp\/v2\/users\/1"}],"replies":[{"embeddable":true,"href":"http:\/\/bosnazemljabozijemilosti.ba\/index.php?rest_route=%2Fwp%2Fv2%2Fcomments&post=102879"}],"version-history":[{"count":2,"href":"http:\/\/bosnazemljabozijemilosti.ba\/index.php?rest_route=\/wp\/v2\/posts\/102879\/revisions"}],"predecessor-version":[{"id":115975,"href":"http:\/\/bosnazemljabozijemilosti.ba\/index.php?rest_route=\/wp\/v2\/posts\/102879\/revisions\/115975"}],"wp:attachment":[{"href":"http:\/\/bosnazemljabozijemilosti.ba\/index.php?rest_route=%2Fwp%2Fv2%2Fmedia&parent=102879"}],"wp:term":[{"taxonomy":"category","embeddable":true,"href":"http:\/\/bosnazemljabozijemilosti.ba\/index.php?rest_route=%2Fwp%2Fv2%2Fcategories&post=102879"},{"taxonomy":"post_tag","embeddable":true,"href":"http:\/\/bosnazemljabozijemilosti.ba\/index.php?rest_route=%2Fwp%2Fv2%2Ftags&post=102879"}],"curies":[{"name":"wp","href":"https:\/\/api.w.org\/{rel}","templated":true}]}}